{"id":28645,"date":"2015-06-26T05:05:40","date_gmt":"2015-06-26T03:05:40","guid":{"rendered":"http:\/\/www.evanjelik.sk\/?p=28645"},"modified":"2015-06-26T05:05:40","modified_gmt":"2015-06-26T03:05:40","slug":"na-navsteve-evanjelikov-na-hornej-zemi","status":"publish","type":"post","link":"https:\/\/www.e-anjelik.sk\/index.php\/2015\/06\/26\/na-navsteve-evanjelikov-na-hornej-zemi\/","title":{"rendered":"Na n\u00e1v\u0161teve evanjelikov na &#8222;Hornej zemi&#8220;"},"content":{"rendered":"<p>Pod t\u00fdmto n\u00e1zvom prin\u00e1\u0161a kr\u00e1tku spr\u00e1vu port\u00e1l www.evangelikus.hu. Ide o n\u00e1v\u0161tevu hudobnej skupiny s n\u00e1zvom \u00a0Bl\u00edzko \u0161tudentov evanjelickej teologickej univerzity v Budape\u0161ti v cirkevn\u00fdch zboroch n\u00e1\u0161ho \u00a0Gemera: Dlh\u00e1 Ves, Ro\u017e\u0148ava, Gemer a Tornala. V zboroch sa konali bohoslu\u017eby a koncerty tejto skupiny. Slovo Bo\u017eie zvestovala far\u00e1rka z \u00fastredia cirkvi v MR\u00a0\u00a0\u02c7\u00c1gnes P\u00e1ngy\u00e1nszky. Program pripravovali miestni zborov\u00ed far\u00e1ri a ved\u00faci Slovenskej evanjelickej misie Tibor L\u00f3czy. Podujatia skupiny Bl\u00edzko boli podporen\u00e9 \u00fastredn\u00fdm \u00faradom cirkvi v Budape\u0161ti, oddelen\u00edm pre zborov\u00fa a misijn\u00fa \u010dinnos\u0165.<\/p>\n<p><img decoding=\"async\" src=\"http:\/\/www.evangelikus.hu\/sites\/default\/files\/styles\/article_large\/public\/K%C3%A9perny%C5%91fot%C3%B3%202015-06-19%20-%2012.32.12.png?itok=z9rnF3dV\" alt=\"\" \/><\/p>\n","protected":false},"excerpt":{"rendered":"<p>Pod t\u00fdmto n\u00e1zvom prin\u00e1\u0161a kr\u00e1tku spr\u00e1vu port\u00e1l www.evangelikus.hu. Ide o n\u00e1v\u0161tevu hudobnej skupiny s n\u00e1zvom \u00a0Bl\u00edzko \u0161tudentov evanjelickej teologickej univerzity v Budape\u0161ti v cirkevn\u00fdch zboroch n\u00e1\u0161ho \u00a0Gemera: Dlh\u00e1 Ves, Ro\u017e\u0148ava, Gemer a Tornala. V zboroch sa konali bohoslu\u017eby a koncerty tejto skupiny. Slovo Bo\u017eie zvestovala far\u00e1rka z \u00fastredia cirkvi v MR\u00a0\u00a0\u02c7\u00c1gnes P\u00e1ngy\u00e1nszky. Program pripravovali miestni &#8230; <a title=\"Na n\u00e1v\u0161teve evanjelikov na &#8222;Hornej zemi&#8220;\" class=\"read-more\" href=\"https:\/\/www.e-anjelik.sk\/index.php\/2015\/06\/26\/na-navsteve-evanjelikov-na-hornej-zemi\/\" aria-label=\"Pre\u010d\u00edtajte si viac o Na n\u00e1v\u0161teve evanjelikov na &#8222;Hornej zemi&#8220;\">\u010c\u00edta\u0165 viac<\/a><\/p>\n","protected":false},"author":2,"featured_media":0,"comment_status":"open","ping_status":"open","sticky":false,"template":"","format":"standard","meta":{"footnotes":""},"categories":[1],"tags":[],"class_list":["post-28645","post","type-post","status-publish","format-standard","hentry","category-adventna-modlitba"],"_links":{"self":[{"href":"https:\/\/www.e-anjelik.sk\/index.php\/wp-json\/wp\/v2\/posts\/28645","targetHints":{"allow":["GET"]}}],"collection":[{"href":"https:\/\/www.e-anjelik.sk\/index.php\/wp-json\/wp\/v2\/posts"}],"about":[{"href":"https:\/\/www.e-anjelik.sk\/index.php\/wp-json\/wp\/v2\/types\/post"}],"author":[{"embeddable":true,"href":"https:\/\/www.e-anjelik.sk\/index.php\/wp-json\/wp\/v2\/users\/2"}],"replies":[{"embeddable":true,"href":"https:\/\/www.e-anjelik.sk\/index.php\/wp-json\/wp\/v2\/comments?post=28645"}],"version-history":[{"count":0,"href":"https:\/\/www.e-anjelik.sk\/index.php\/wp-json\/wp\/v2\/posts\/28645\/revisions"}],"wp:attachment":[{"href":"https:\/\/www.e-anjelik.sk\/index.php\/wp-json\/wp\/v2\/media?parent=28645"}],"wp:term":[{"taxonomy":"category","embeddable":true,"href":"https:\/\/www.e-anjelik.sk\/index.php\/wp-json\/wp\/v2\/categories?post=28645"},{"taxonomy":"post_tag","embeddable":true,"href":"https:\/\/www.e-anjelik.sk\/index.php\/wp-json\/wp\/v2\/tags?post=28645"}],"curies":[{"name":"wp","href":"https:\/\/api.w.org\/{rel}","templated":true}]}}