{"id":28649,"date":"2015-06-29T15:09:55","date_gmt":"2015-06-29T13:09:55","guid":{"rendered":"http:\/\/www.evanjelik.sk\/?p=28649"},"modified":"2015-06-29T15:09:55","modified_gmt":"2015-06-29T13:09:55","slug":"papez-a-putin","status":"publish","type":"post","link":"https:\/\/www.e-anjelik.sk\/index.php\/2015\/06\/29\/papez-a-putin\/","title":{"rendered":"P\u00e1pe\u017e a Putin"},"content":{"rendered":"<p>10.j\u00fana prijal vo Vatik\u00e1ne p\u00e1pe\u017e Franti\u0161ek prezidenta Ruska Vladim\u00edra Putina. Uplynulo odvtedy u\u017e 17 dn\u00ed, ale stoj\u00ed za pozornos\u0165. Ich prv\u00e9 stretnutie sa uskuto\u010dnilo v novembri 2013 a Putin vtedy me\u0161kal 50 min\u00fat. Tento raz nechal sv.otca \u010daka\u0165 cel\u00fa hodinu. Oproti Canose je to detail. Skupina G 8 do Nemecka Putina nepozvala, Franti\u0161ek na s\u00fakromn\u00fa audienciu \u00e1no. 50 &#8211; a\u017e 80 min\u00fatov\u00fd rozhovor venovali najm\u00e4 4 bodom.<\/p>\n<p>Situ\u00e1cii na Ukrajine.<\/p>\n<p>Vatik\u00e1n vydal vyhl\u00e1senie, pod\u013ea ktor\u00e9ho &#8222;p\u00e1pe\u017e vyzval Putina aby vyvinul \u00faprimn\u00e9 a intenz\u00edvne\u00a0 \u00fasilie na dosiahnutie mieru na Ukrajine&#8220;. Obaja sa zhodli na potrebe obnovi\u0165 dial\u00f3g a realiz\u00e1ciu doh\u00f4d z Minska &#8222;- uviedla ag. Reuters. Moskovsk\u00fd patriarcha Kiril uviedol:&#8220; P\u00e1pe\u017e Franti\u0161ek a vatik\u00e1nsky \u0161t\u00e1tny sekret\u00e1r zaujali rozhodn\u00fd postoj k situ\u00e1cii na Ukrajine. Vyhli sa jednostrann\u00fdm vyhl\u00e1seniam a vyzvali ku koncu bratrovra\u017eednej vojne&#8220;.<\/p>\n<p>Situ\u00e1cii na Bl\u00edzkom v\u00fdchode.<\/p>\n<p>Hovorca Federico Lonbardi uviedol:&#8220;P\u00e1pe\u017e oce\u0148uje, \u017ee si Putin osvojil agendu ochrany kres\u0165ansk\u00fdch men\u0161\u00edn na Bl\u00edzkom v\u00fdchode.&#8220; S\u00fa\u010dasne sa p\u00e1pe\u017e vyhol akejko\u013evek kritike islamu.<\/p>\n<p>K S\u00fdrii.<\/p>\n<p>P\u00e1pe\u017e a Putin sa vyslovili proti z\u00e1merom USA vojensky intervenova\u0165 v S\u00fdrii&#8220;.<\/p>\n<p>Vz\u0165ahy katol\u00edckej a pravosl\u00e1vnej cirkvi.<\/p>\n<p>Putin sa zastal p\u00e1pe\u017ea za kritiku Turkov, ke\u010f v minulosti pou\u017eil v\u00fdraz &#8222;arm\u00e9nska genoc\u00edda&#8220;. Pravosl\u00e1vni biskupi na Ukrajine boli k vyhl\u00e1seniam oboch hl\u00e1v kritick\u00ed.<\/p>\n<p>Nie je zn\u00e1me, \u010di sa venovali\u00a0 p\u00e1pe\u017eovmu v\u00fdroku v Sarajeve:&#8220; Vo svete prebieha ist\u00fd druh tretej svetovej vojny, ktor\u00e1 sa bojuje po k\u00faskoch&#8220;.<\/p>\n<p>&nbsp;<\/p>\n<p>&nbsp;<\/p>\n","protected":false},"excerpt":{"rendered":"<p>10.j\u00fana prijal vo Vatik\u00e1ne p\u00e1pe\u017e Franti\u0161ek prezidenta Ruska Vladim\u00edra Putina. Uplynulo odvtedy u\u017e 17 dn\u00ed, ale stoj\u00ed za pozornos\u0165. Ich prv\u00e9 stretnutie sa uskuto\u010dnilo v novembri 2013 a Putin vtedy me\u0161kal 50 min\u00fat. Tento raz nechal sv.otca \u010daka\u0165 cel\u00fa hodinu. Oproti Canose je to detail. Skupina G 8 do Nemecka Putina nepozvala, Franti\u0161ek na s\u00fakromn\u00fa &#8230; <a title=\"P\u00e1pe\u017e a Putin\" class=\"read-more\" href=\"https:\/\/www.e-anjelik.sk\/index.php\/2015\/06\/29\/papez-a-putin\/\" aria-label=\"Pre\u010d\u00edtajte si viac o P\u00e1pe\u017e a Putin\">\u010c\u00edta\u0165 viac<\/a><\/p>\n","protected":false},"author":1,"featured_media":0,"comment_status":"open","ping_status":"open","sticky":false,"template":"","format":"standard","meta":{"footnotes":""},"categories":[35],"tags":[],"class_list":["post-28649","post","type-post","status-publish","format-standard","hentry","category-rusko-a-ine"],"_links":{"self":[{"href":"https:\/\/www.e-anjelik.sk\/index.php\/wp-json\/wp\/v2\/posts\/28649","targetHints":{"allow":["GET"]}}],"collection":[{"href":"https:\/\/www.e-anjelik.sk\/index.php\/wp-json\/wp\/v2\/posts"}],"about":[{"href":"https:\/\/www.e-anjelik.sk\/index.php\/wp-json\/wp\/v2\/types\/post"}],"author":[{"embeddable":true,"href":"https:\/\/www.e-anjelik.sk\/index.php\/wp-json\/wp\/v2\/users\/1"}],"replies":[{"embeddable":true,"href":"https:\/\/www.e-anjelik.sk\/index.php\/wp-json\/wp\/v2\/comments?post=28649"}],"version-history":[{"count":0,"href":"https:\/\/www.e-anjelik.sk\/index.php\/wp-json\/wp\/v2\/posts\/28649\/revisions"}],"wp:attachment":[{"href":"https:\/\/www.e-anjelik.sk\/index.php\/wp-json\/wp\/v2\/media?parent=28649"}],"wp:term":[{"taxonomy":"category","embeddable":true,"href":"https:\/\/www.e-anjelik.sk\/index.php\/wp-json\/wp\/v2\/categories?post=28649"},{"taxonomy":"post_tag","embeddable":true,"href":"https:\/\/www.e-anjelik.sk\/index.php\/wp-json\/wp\/v2\/tags?post=28649"}],"curies":[{"name":"wp","href":"https:\/\/api.w.org\/{rel}","templated":true}]}}