{"id":28659,"date":"2015-06-30T14:27:32","date_gmt":"2015-06-30T12:27:32","guid":{"rendered":"http:\/\/www.evanjelik.sk\/?p=28659"},"modified":"2015-06-30T14:27:32","modified_gmt":"2015-06-30T12:27:32","slug":"pocet-kostolov-pri-dialniciach-v-nemecku-rastie","status":"publish","type":"post","link":"https:\/\/www.e-anjelik.sk\/index.php\/2015\/06\/30\/pocet-kostolov-pri-dialniciach-v-nemecku-rastie\/","title":{"rendered":"Po\u010det kostolov pri dia\u013eniciach v Nemecku rastie"},"content":{"rendered":"<p>V piatok\u00a026.j\u00fana t.t. bol posv\u00e4ten\u00fd kostol\u00edk pri dia\u013enici A71 ne\u010faleko dur\u00ednskeho mesta Bibra \u00a0v mieste b\u00fdvalej vn\u00fatronemeckej hranice. Mal\u00fd okr\u00fahly kostol pripravovali a stavali 10 rokov. N\u00e1klady s\u00fa 235 tis\u00edc euro. V s\u00fa\u010dasnosti je v Nemecku 19 evanjelick\u00fdch, osem katol\u00edckych a 15 ekumenick\u00fdch kostolov a kaplniek pri dia\u013eniciach. Pod\u013ea spr\u00e1vcu t\u00fdchto sakr\u00e1lnych stavieb z\u00e1ujem cestuj\u00facich o ticho a medit\u00e1ciu je ve\u013ek\u00fd. Ro\u010dne ich nav\u0161t\u00edvi vy\u0161e mili\u00f3na ob\u010danov. Bo\u017eie st\u00e1nky s\u00fa otvoren\u00e9 denne od 8-ej do 20-ej hodiny, niektor\u00e9 nonstop.<\/p>\n<p>(www.ekd.de)<\/p>\n","protected":false},"excerpt":{"rendered":"<p>V piatok\u00a026.j\u00fana t.t. bol posv\u00e4ten\u00fd kostol\u00edk pri dia\u013enici A71 ne\u010faleko dur\u00ednskeho mesta Bibra \u00a0v mieste b\u00fdvalej vn\u00fatronemeckej hranice. Mal\u00fd okr\u00fahly kostol pripravovali a stavali 10 rokov. N\u00e1klady s\u00fa 235 tis\u00edc euro. V s\u00fa\u010dasnosti je v Nemecku 19 evanjelick\u00fdch, osem katol\u00edckych a 15 ekumenick\u00fdch kostolov a kaplniek pri dia\u013eniciach. Pod\u013ea spr\u00e1vcu t\u00fdchto sakr\u00e1lnych stavieb z\u00e1ujem cestuj\u00facich &#8230; <a title=\"Po\u010det kostolov pri dia\u013eniciach v Nemecku rastie\" class=\"read-more\" href=\"https:\/\/www.e-anjelik.sk\/index.php\/2015\/06\/30\/pocet-kostolov-pri-dialniciach-v-nemecku-rastie\/\" aria-label=\"Pre\u010d\u00edtajte si viac o Po\u010det kostolov pri dia\u013eniciach v Nemecku rastie\">\u010c\u00edta\u0165 viac<\/a><\/p>\n","protected":false},"author":2,"featured_media":0,"comment_status":"open","ping_status":"open","sticky":false,"template":"","format":"standard","meta":{"footnotes":""},"categories":[1],"tags":[],"class_list":["post-28659","post","type-post","status-publish","format-standard","hentry","category-adventna-modlitba"],"_links":{"self":[{"href":"https:\/\/www.e-anjelik.sk\/index.php\/wp-json\/wp\/v2\/posts\/28659","targetHints":{"allow":["GET"]}}],"collection":[{"href":"https:\/\/www.e-anjelik.sk\/index.php\/wp-json\/wp\/v2\/posts"}],"about":[{"href":"https:\/\/www.e-anjelik.sk\/index.php\/wp-json\/wp\/v2\/types\/post"}],"author":[{"embeddable":true,"href":"https:\/\/www.e-anjelik.sk\/index.php\/wp-json\/wp\/v2\/users\/2"}],"replies":[{"embeddable":true,"href":"https:\/\/www.e-anjelik.sk\/index.php\/wp-json\/wp\/v2\/comments?post=28659"}],"version-history":[{"count":0,"href":"https:\/\/www.e-anjelik.sk\/index.php\/wp-json\/wp\/v2\/posts\/28659\/revisions"}],"wp:attachment":[{"href":"https:\/\/www.e-anjelik.sk\/index.php\/wp-json\/wp\/v2\/media?parent=28659"}],"wp:term":[{"taxonomy":"category","embeddable":true,"href":"https:\/\/www.e-anjelik.sk\/index.php\/wp-json\/wp\/v2\/categories?post=28659"},{"taxonomy":"post_tag","embeddable":true,"href":"https:\/\/www.e-anjelik.sk\/index.php\/wp-json\/wp\/v2\/tags?post=28659"}],"curies":[{"name":"wp","href":"https:\/\/api.w.org\/{rel}","templated":true}]}}