{"id":28663,"date":"2015-06-30T16:03:36","date_gmt":"2015-06-30T14:03:36","guid":{"rendered":"http:\/\/www.evanjelik.sk\/?p=28663"},"modified":"2015-06-30T16:03:36","modified_gmt":"2015-06-30T14:03:36","slug":"sviatok-apostolov-petra-a-pavla","status":"publish","type":"post","link":"https:\/\/www.e-anjelik.sk\/index.php\/2015\/06\/30\/sviatok-apostolov-petra-a-pavla\/","title":{"rendered":"Sviatok apo\u0161tolov Petra a Pavla"},"content":{"rendered":"<p>Sviatok apo\u0161tolov Petra a Pavla<\/p>\n<p><b>Izai\u00e1\u0161 44, 1- 5:<\/b><\/p>\n<p><b>\u00ab<\/b><i>Teraz v\u0161ak po\u010duj, sluha m\u00f4j, J\u00e1kob, Izrael, ktor\u00e9ho som si vyvolil;\u00a0 takto vrav\u00ed tvoj Tvorca, Hospodin, ktor\u00fd \u0165a formoval od \u017eivota matky a pom\u00e1ha ti: Neboj sa, sluha m\u00f4j, J\u00e1kob, Je\u0161ur\u00fan (*), ktor\u00e9ho som si vyvolil, (3 lebo vylejem vody na sm\u00e4dn\u00fa p\u00f4du a bystriny na such\u00fa zem, vylejem svojho duha na tvoje potomstvo a svoje po\u017eehnanie na tvoju mla\u010f. (4) Porast\u00fa\u00a0 ako tr\u00e1va medzi vodami, ako v\u0155by pri vodn\u00fdch tokoch. (5) Tamten povie: Som Hospodinov, a onen sa nazve menom J\u00e1kobov\u00fdm. Tamten si nap\u00ed\u0161e na ruku: Hospodinov, a d\u00e1 si \u010destn\u00e9 meno Izrael.\u00bb Amen<\/i><\/p>\n<p><b>\u00a0\u00a0<\/b> Bratia a sestry v Kristu<b> !<\/b><\/p>\n<p><b>\u00a0\u00a0 <\/b>Dne\u0161n\u00fd sviatok cirkvi, spomienka na apo\u0161tolov Petra a Pavla nie je oslavou \u013eud\u00ed. Mnoh\u00fdm sa to tak jav\u00ed, a predsa to nie je tak. Aj dnes patr\u00ed na\u0161a oslava a chv\u00e1la P\u00e1novi cirkvi, Je\u017ei\u0161ovi Kristovi. Ak Je\u017ei\u0161 povol\u00e1va do svojej slu\u017eby \u010dloveka, nie je to z\u00e1sluha povolan\u00e9ho, ale v\u017edy iba P\u00e1nova milos\u0165. Nikto z \u013eud\u00ed nie je s\u00e1m od seba disponovan\u00fd a ochotn\u00fd k Je\u017ei\u0161ovi Kristovi pr\u00eds\u0165 a verne Mu sl\u00fa\u017ei\u0165.<\/p>\n<p>Nov\u00e1 zmluva s\u00edce zachyt\u00e1va aj tak\u00fd moment, ke\u010f k Je\u017ei\u0161ovi pri\u0161iel mlad\u00fd\u00a0 \u010dlovek s ponukou: \u00bb<i>P\u00f4jdem za Tebou, kamko\u013evek by si \u0161iel.\u00bb (Lk 9, 57)<\/i> Ke\u010f mu Je\u017ei\u0161 pripomenul nezaisten\u00fa bud\u00facnos\u0165, r\u00fdchlo sa stiahol. In\u00fd si vyhradil\u00a0 podmienku: <i>\u00abP\u00f4jdem za Tebou, Pane, ale dovo\u013e mi prv rozl\u00fa\u010di\u0165 sa s dom\u00e1cimi\u00bb. <\/i>Je\u017ei\u0161 mu povedal:\u00bb<i>Kto polo\u017e\u00ed ruku na pluh a obzer\u00e1 sa sp\u00e4\u0165, nehod\u00ed sa pre kr\u00e1\u013eovstvo Bo\u017eie\u00bb. (Lk 9, 57)\u00a0 <\/i>A zase in\u00fd si kl\u00e1dol podmienku:<i>\u00bbDovo\u013e mi prv od\u00eds\u0165 a pochova\u0165 si otca\u00bb.<\/i> Je\u017ei\u0161 odmietol i t\u00fato ponuku. Ukazuje sa, \u017ee ani vlastn\u00e1 rodina, alebo zdanlivo v\u0161e\u013eudsk\u00e9 a spolo\u010densk\u00e9 zvyklosti nemaj\u00fa prednos\u0165 pred nasledovan\u00edm Krista.<\/p>\n<p>Je\u017ei\u0161 si s\u00e1m vyvolil a pozval k nasledovaniu dvan\u00e1s\u0165 u\u010den\u00edkov. Okrem nich mal \u0161ir\u0161\u00ed okruh sedemdesiatich, ktor\u00ed nechodili s N\u00edm st\u00e1le.\u00a0( Lk 10, 1) Nevieme o tom, \u017ee by niektor\u00fdch z nich nesk\u00f4r urobil svojimi apo\u0161tolmi, \u010di\u017ee\u00a0 vyslancami. Rovnako nezab\u00fadame ani na \u0161irok\u00fd okruh \u017eien, ktor\u00e9 Ho sprev\u00e1dzali na Jeho cest\u00e1ch a posluhovali Mu i Jeho u\u010den\u00edkom, ale ani im nedal poverenie hl\u00e1sa\u0165 evanjelium, vyu\u010dova\u0165 a krsti\u0165.\u00a0Pre \u010fal\u0161\u00ed \u017eivot cirkvi bolo d\u00f4le\u017eit\u00e9, \u017ee nesk\u00f4r, po Jud\u00e1\u0161ovej zrade a odpadnut\u00ed apo\u0161tolovia sami na spolo\u010dnom zhroma\u017eden\u00ed vyvolili nov\u00e9ho apo\u0161tola. Z dvoch kadnid\u00e1tov, Mateja a Barnab\u00e1\u0161a, l\u00f3s padol na Mateja.<\/p>\n<p>Dnes mysl\u00edme najm\u00e4 na dvoch najv\u00fdznamnej\u0161\u00edch apo\u0161tolov: Petra a Pavla. Peter bol povahou ve\u013emi svojr\u00e1zny \u010dlovek. Bol ve\u013emi impulz\u00edvny. Mo\u017eno by mu dnes v cirkvi n\u00e1\u0161 zbor nedal hlas pri vo\u013ebe za biskupa, ba ani za zborov\u00e9ho far\u00e1ra. Peter bol ve\u013emi otvoren\u00fd, konal spont\u00e1nne, bol aj dos\u0165 n\u00e1ladov\u00fd a nest\u00e1ly. A predsa dostal Je\u017ei\u0161ovu d\u00f4veru! Naplnili sa Jeho slov\u00e1: <i>\u00abAle ja som prosil za teba, aby tvoja viera nezanikla. A ty \u010dasom, a\u017e sa obr\u00e1ti\u0161, utvrdzuj svojich bratov\u00bb, povedla mu P\u00e1n pri poslednej ve\u010deri. (Lk 22, 32)<\/i> Po vzkriesen\u00ed a po Petrovom trojn\u00e1sobnom osved\u010den\u00ed, \u017ee napriek predch\u00e1dzaj\u00facemu zapretiu Je\u017ei\u0161a miluje, bol op\u00e4\u0165 prijat\u00fd na milos\u0165 a dostal poverenie p\u00e1s\u0165 ove\u010dky P\u00e1novej pastvy. Vtedy Peter pochopil i to, \u017ee milova\u0165 P\u00e1na znamen\u00e1 sl\u00fa\u017ei\u0165 Mu a\u017e po t\u00fa najvy\u0161\u0161iu obe\u0165. Peter bol jedn\u00fdm zo st\u013apov jeruzalemsk\u00e9ho cirkevn\u00e9ho zboru a celej prvotnej cirkvi. Mal hlavn\u00e9 slovo pri zvestovan\u00ed Vzkriesen\u00e9ho po zoslan\u00ed Ducha Sv\u00e4t\u00e9ho v Jeruzaleme, ale aj potom na r\u00f4znych konventoch.<\/p>\n<p>Ke\u010f sa nesk\u00f4r za\u010dala misijn\u00e1 pr\u00e1ca v Sam\u00e1rii a v S\u00fdrii, ale aj v in\u00fdch \u010dastiach \u00c1zie, osl\u00e1ven\u00fd Je\u017ei\u0161 povolal do svojej slu\u017eby \u010fal\u0161ieho ve\u013emi zvl\u00e1\u0161tneho mu\u017ea. Bol to apo\u0161tol Pavel, predt\u00fdm zn\u00e1my ako farizej Saul, a s\u00fa\u010dasne zaprisahan\u00fd nepriate\u013e cirkvi a Krista. Aj pri \u0148om vid\u00edme jasne, \u017ee to nebola jeho v\u00f4\u013ea, ani z\u00e1mer, ani osobn\u00e1 t\u00fa\u017eba, ale milos\u0165 Je\u017ei\u0161a Krista, ktor\u00fd aj tak\u00e9ho zatvrdil\u00e9ho nepriate\u013ea obr\u00e1til a pou\u017eil vo svojej slu\u017ebe.<\/p>\n<p>Takto a podobne kon\u00e1 Je\u017ei\u0161 skrze ducha sv\u00e4t\u00e9ho v\u017edy. Ne\u010dakane, prekvapuj\u00faco a zvrchovane. \u013dudsk\u00e9 n\u00e1zory o kvalit\u00e1ch slu\u017eobn\u00edka a apo\u0161tola nemali rozhoduj\u00face miesto. Je\u017ei\u0161ove povolania boli priamo proti \u013eudsk\u00fdm predpokladom.<\/p>\n<p>Ke\u010f si uvedom\u00edme skuto\u010dnos\u0165, ako fungovala prvotn\u00e1 cirkev od po\u010diatku,\u00a0 vid\u00edme, \u017ee podobne kon\u00e1 P\u00e1n Je\u017ei\u0161 aj dnes. To je odpove\u010f na mnoh\u00e9 pochybnosti, ktor\u00e9 sa zmoc\u0148uj\u00fa neraz samotn\u00e9ho povolan\u00e9ho o sebe, \u010di je naozaj dostato\u010dne vhodn\u00fd, hodn\u00fd a \u010dist\u00fd pre slu\u017ebu cirkvi Je\u017ei\u0161a Krista. To je aj odpove\u010f pre t\u00fdch, ktor\u00ed radi hodnotia, zn\u00e1mkuj\u00fa a vyberaj\u00fa vhodn\u00fdch kandid\u00e1tov, \u010di sm\u00fa by\u0165 u\u010den\u00edkmi, nasledovn\u00edkmi Je\u017ei\u0161a Krista. \u010ci sa hodia za far\u00e1rov, presbyterov a funkcion\u00e1rov v cirkvi.<\/p>\n<p>Rozhoduj\u00fac je v\u017edy P\u00e1novo povololanie. Z\u00e1rove\u0148 si uvedomujeme, \u017ee toho sa aj n\u00e1m v\u0161etk\u00fdm dostalo v dare Krstu sv\u00e4t\u00e9ho, ke\u010f n\u00e1s hrie\u0161nych a nehodn\u00fdch prijal, o\u010distil, posv\u00e4til a ospravedlnil a urobil Bo\u017e\u00edmi synmi a dc\u00e9rami. Vtedy sme sa stali aj my v\u0161etci \u00ab<i>kr\u00e1\u013eovsk\u00fdm k\u0148azstvom\u00bb<\/i>. Ani v Krste sv\u00e4tom nejde o oslavu \u010dloveka, ale o Bo\u017eiu milos\u0165 a Kristovu slu\u017ebu\u00a0 hrie\u0161nym \u013eu\u010fom.<\/p>\n<p>O oslavu \u013eud\u00ed, dvoch vyvolen\u00fdch, povolan\u00fdch a posv\u00e4ten\u00fdch apo\u0161tolov nejde ani pri dne\u0161nej bohoslu\u017ebe. Peter i Pavol po\u010duli Bo\u017eie slovo, tak ako ho po\u010dul prorok Izai\u00e1\u0161, ke\u010f ho povolal Hospodin do svojej slu\u017eby. Aj toto povolanie bolo zrejme pre mnoh\u00fdch \u013eud\u00ed prekvapuj\u00face.<i> \u00ab Teraz v\u0161ak po\u010duj, sluha m\u00f4j, J\u00e1kob, Izrael, ktor\u00e9ho som si vyvolil; takto hovor\u00ed tvoj Tvorca, Hospodin, ktor\u00fd \u0165a sformoval od \u017eivota matky a pom\u00e1ha ti. Neboj sa, sluha m\u00f4j, J\u00e1kob, Je\u0161ur\u00fan, ktor\u00e9ho som si vyvolil..\u00bb<\/i><\/p>\n<p>\u013dudia aj nad \u00a0Bo\u017e\u00edm vyvolen\u00edm n\u00e1roda izraelsk\u00e9ho m\u00f4\u017eu kr\u00fati\u0165 hlavou, ale napriek tomu je to skuto\u010dnos\u0165 a realita. Rovnako v\u0161ak m\u00f4\u017eeme kr\u00fati\u0165 hlavou aj nad t\u00fdm, \u017ee v Je\u017ei\u0161ovi Kristovi Boh povol\u00e1va aj ostatn\u00e9 n\u00e1rody za svoj \u013eud, teda aj pohanov a oslovuju v\u0161etk\u00fdch hrie\u0161nikov. \u00c1no, je to prekvapiv\u00e9. Ba je to divn\u00e9 v na\u0161ich o\u010diach!<\/p>\n<p>Divi\u0165 sa m\u00f4\u017eeme aj tomu, \u017ee k nasledovaniu povolal aj n\u00e1s. Aj pri n\u00e1s a medzi nami sa splnili slov\u00e1 n\u00e1\u0161ho textu:<i>\u00bb Lebo vylejem vody na sm\u00e4dn\u00fa p\u00f4du a bystriny na such\u00fa zem, vylejem svojho ducha na tvoje potomsvo a svoje po\u017eehnanie na tvoju mla\u010f\u00bb<\/i>. Preto\u00a0 medzi Je\u017ei\u0161ov\u00fdmi apo\u0161tolmi n\u00e1jdeme aj zrel\u00fdch mu\u017eov, ale aj mlad\u00edkov, ak\u00fdm bol napr\u00edklad J\u00e1n.<\/p>\n<p>Bratia a sestry v P\u00e1novi!<\/p>\n<p>Iste vieme, ak\u00fd bol \u00fadel a ak\u00e1 n\u00e1ro\u010dn\u00e1 slu\u017eba bola slu\u017eba apo\u0161tolov Petra i Pavla. Stali sa skuto\u010dn\u00fdmi svedkami, mart\u00fdrmi. Pravdu, ktor\u00fa hl\u00e1sali mali doplni\u0165 \u017eivotom, skutkami i obe\u0165ou svojho \u017eivota. To sa aj stalo. Tak mohli mnoh\u00ed \u013eah\u0161ie uveri\u0165 ve\u013ekej radostnej zvesti, ke\u010f videli apo\u0161tolov umiera\u0165 v blahoslavenej n\u00e1deji, ktor\u00fa hl\u00e1sali. Na ich viere a obeti, na ich vyliatej krvi st\u00e1la a stoj\u00ed cirkev v\u010dera, dnes a bude st\u00e1\u0165 naveky. Na to dnes mysl\u00edme\u00a0 a spom\u00edname. To najpodstatnej\u0161ie pri nich, ich vieru, p\u00f4sob\u00ed P\u00e1n skrze Ducha Sv\u00e4t\u00e9ho.<\/p>\n<p>Sv\u00e4ti\u0165 sviatok apo\u0161tolov, znamen\u00e1 h\u013eada\u0165 korene a z\u00e1klady aj na\u0161ej viery. H\u013eada\u0165 prorock\u00fd a apo\u0161tolsk\u00fd z\u00e1klad, ktor\u00fd je polo\u017een\u00fd na hlavnom a uholnom kameni, ktor\u00fdm je s\u00e1m Je\u017ei\u0161 Kristus. U\u017e o pol roka prebehn\u00fa v na\u0161ej cirkvi nov\u00e9 vo\u013eby presbyterov a in\u00fdch funkcion\u00e1rov. Zaznie naliehav\u00e1 ot\u00e1zka: <i>\u00bbKoho po\u0161lem a kto n\u00e1m p\u00f4jde ? <\/i>U\u017e dnes sa sk\u00fasme zamyslie\u0165 nad sebou, \u010di sme schopn\u00ed a ochotn\u00ed poveda\u0165: <i>\u00abTu som, Pane, po\u0161li m\u0148a\u00bb!<\/i>\u00a0 M\u00e1me pocit, \u017ee nenapln\u00edme mo\u017en\u00fd po\u010det presbyterov v na\u0161om zobre, \u017ee bud\u00fa aj miesta neobsaden\u00e9? To bude ale znak na\u0161ej neochoty, znak v\u00e4dn\u00facich, \u010di such\u00fdch ratolest\u00ed. Mnoh\u00ed si povzdychn\u00fa, \u017ee sa nepln\u00ed slovo zas\u013e\u00fabenia: <i>\u00abPorast\u00fa ako tr\u00e1va medzi vodami a v\u0155by pri vodn\u00fdch tokoch.\u00bb. <\/i>Vid\u00edme,\u00a0 \u017ee star\u00ed nevl\u00e1dzu, strednej gener\u00e1cie akoby nebolo, lebo si vyvolili in\u00fa cestu a in\u00e9 nasledovanie a nehodlaj\u00fa ho zmeni\u0165. Mla\u010f n\u00e1m tu rastie, ale e\u0161te nevieme, akou p\u00f4dou sa stane&#8230;<\/p>\n<p>Slovo Bo\u017eie n\u00e1m v\u0161ak d\u00e1va aj dnes povzbudenie a impulz k d\u00f4vere. Pripravuje n\u00e1s na mil\u00e9 prekvapenie: <i>\u00abTamten povie, som Hospodinov a onen sa nazve menom J\u00e1kobov\u00fdm. Tamten si nap\u00ed\u0161e na ruku: Hospodinov, a d\u00e1 si \u010destn\u00e9 meno Izrael\u00bb!<\/i><\/p>\n<p><i>\u00a0 <\/i>\u00a0 Bratia a sestry!<\/p>\n<p>Je dobre, \u017ee v cirkrvi zachov\u00e1vame sviatok apo\u0161tolov, sviatok rozvoja cirkvi, napriek \u013eudsk\u00fdm \u00fasudkom a malovernosti. Tento sviatok n\u00e1m d\u00e1va nov\u00fa odvahu, nov\u00fa n\u00e1dej a silu pri na\u0161om nasledovan\u00ed, ale aj videnie zmyslu slu\u017eby cirkvi. Za osobami a postavmi apo\u0161tolov, hrdinov viery a mu\u010den\u00edkov, vid\u00edme predivn\u00e9 P\u00e1novo konanie, Jeho milos\u0165 a trval\u00e9 p\u00f4sobenie Ducha Sv\u00e4t\u00e9ho. Nech je osl\u00e1ven\u00fd Ten, ktor\u00fd aj s nami po\u010d\u00edta, ktor\u00fd si n\u00e1s vyvolil a d\u00e1va n\u00e1m mo\u017enos\u0165 sl\u00fa\u017ei\u0165 Jeho \u013eudu. Amen<\/p>\n<p>&nbsp;<\/p>\n<p>Sviatok apo\u0161tolov Petra a Pavla &#8211;\u00a0 CZ Soboti\u0161te, 29.6.1999- \u013d.Batka st. (os.arch\u00edv)<\/p>\n","protected":false},"excerpt":{"rendered":"<p>Sviatok apo\u0161tolov Petra a Pavla Izai\u00e1\u0161 44, 1- 5: \u00abTeraz v\u0161ak po\u010duj, sluha m\u00f4j, J\u00e1kob, Izrael, ktor\u00e9ho som si vyvolil;\u00a0 takto vrav\u00ed tvoj Tvorca, Hospodin, ktor\u00fd \u0165a formoval od \u017eivota matky a pom\u00e1ha ti: Neboj sa, sluha m\u00f4j, J\u00e1kob, Je\u0161ur\u00fan (*), ktor\u00e9ho som si vyvolil, (3 lebo vylejem vody na sm\u00e4dn\u00fa p\u00f4du a bystriny na &#8230; <a title=\"Sviatok apo\u0161tolov Petra a Pavla\" class=\"read-more\" href=\"https:\/\/www.e-anjelik.sk\/index.php\/2015\/06\/30\/sviatok-apostolov-petra-a-pavla\/\" aria-label=\"Pre\u010d\u00edtajte si viac o Sviatok apo\u0161tolov Petra a Pavla\">\u010c\u00edta\u0165 viac<\/a><\/p>\n","protected":false},"author":4,"featured_media":0,"comment_status":"open","ping_status":"open","sticky":false,"template":"","format":"standard","meta":{"footnotes":""},"categories":[1],"tags":[],"class_list":["post-28663","post","type-post","status-publish","format-standard","hentry","category-adventna-modlitba"],"_links":{"self":[{"href":"https:\/\/www.e-anjelik.sk\/index.php\/wp-json\/wp\/v2\/posts\/28663","targetHints":{"allow":["GET"]}}],"collection":[{"href":"https:\/\/www.e-anjelik.sk\/index.php\/wp-json\/wp\/v2\/posts"}],"about":[{"href":"https:\/\/www.e-anjelik.sk\/index.php\/wp-json\/wp\/v2\/types\/post"}],"author":[{"embeddable":true,"href":"https:\/\/www.e-anjelik.sk\/index.php\/wp-json\/wp\/v2\/users\/4"}],"replies":[{"embeddable":true,"href":"https:\/\/www.e-anjelik.sk\/index.php\/wp-json\/wp\/v2\/comments?post=28663"}],"version-history":[{"count":0,"href":"https:\/\/www.e-anjelik.sk\/index.php\/wp-json\/wp\/v2\/posts\/28663\/revisions"}],"wp:attachment":[{"href":"https:\/\/www.e-anjelik.sk\/index.php\/wp-json\/wp\/v2\/media?parent=28663"}],"wp:term":[{"taxonomy":"category","embeddable":true,"href":"https:\/\/www.e-anjelik.sk\/index.php\/wp-json\/wp\/v2\/categories?post=28663"},{"taxonomy":"post_tag","embeddable":true,"href":"https:\/\/www.e-anjelik.sk\/index.php\/wp-json\/wp\/v2\/tags?post=28663"}],"curies":[{"name":"wp","href":"https:\/\/api.w.org\/{rel}","templated":true}]}}