{"id":28665,"date":"2015-07-01T08:11:10","date_gmt":"2015-07-01T06:11:10","guid":{"rendered":"http:\/\/www.evanjelik.sk\/?p=28665"},"modified":"2015-07-01T08:11:10","modified_gmt":"2015-07-01T06:11:10","slug":"pocet-islamistov-v-nemecku-prudko-rastie","status":"publish","type":"post","link":"https:\/\/www.e-anjelik.sk\/index.php\/2015\/07\/01\/pocet-islamistov-v-nemecku-prudko-rastie\/","title":{"rendered":"Po\u010det islamistov v Nemecku prudko rastie"},"content":{"rendered":"<p>30. j\u00fana 2015 bola v Berl\u00edne zverejnen\u00e1 spr\u00e1va bezpe\u010dnostn\u00fdch slu\u017eieb Nemecka, pod\u013ea ktorej po\u010det radik\u00e1lnych islamistick\u00fdch kruhov v Nemecku prudko rastie. Pod\u013ea tejto \u00a0spr\u00e1vy je t. \u010d. v Nemecku 25 akt\u00edvnych islamistick\u00fdch organiz\u00e1ci\u00ed. Po\u010det \u010dlenov v nich bol r. 2014\u00a0 43 890. Najsilnej\u0161\u00ed pr\u00edliv \u010dlenov zaznamenali salafistick\u00e9 organiz\u00e1cie, ktor\u00e9 s\u00fa liah\u0148ou pre teroristov d\u017eih\u00e1du (sv\u00e4t\u00e1 vojna).<\/p>\n<p>(www.idea.de)<\/p>\n","protected":false},"excerpt":{"rendered":"<p>30. j\u00fana 2015 bola v Berl\u00edne zverejnen\u00e1 spr\u00e1va bezpe\u010dnostn\u00fdch slu\u017eieb Nemecka, pod\u013ea ktorej po\u010det radik\u00e1lnych islamistick\u00fdch kruhov v Nemecku prudko rastie. Pod\u013ea tejto \u00a0spr\u00e1vy je t. \u010d. v Nemecku 25 akt\u00edvnych islamistick\u00fdch organiz\u00e1ci\u00ed. Po\u010det \u010dlenov v nich bol r. 2014\u00a0 43 890. Najsilnej\u0161\u00ed pr\u00edliv \u010dlenov zaznamenali salafistick\u00e9 organiz\u00e1cie, ktor\u00e9 s\u00fa liah\u0148ou pre teroristov d\u017eih\u00e1du (sv\u00e4t\u00e1 &#8230; <a title=\"Po\u010det islamistov v Nemecku prudko rastie\" class=\"read-more\" href=\"https:\/\/www.e-anjelik.sk\/index.php\/2015\/07\/01\/pocet-islamistov-v-nemecku-prudko-rastie\/\" aria-label=\"Pre\u010d\u00edtajte si viac o Po\u010det islamistov v Nemecku prudko rastie\">\u010c\u00edta\u0165 viac<\/a><\/p>\n","protected":false},"author":2,"featured_media":0,"comment_status":"open","ping_status":"open","sticky":false,"template":"","format":"standard","meta":{"footnotes":""},"categories":[1],"tags":[],"class_list":["post-28665","post","type-post","status-publish","format-standard","hentry","category-adventna-modlitba"],"_links":{"self":[{"href":"https:\/\/www.e-anjelik.sk\/index.php\/wp-json\/wp\/v2\/posts\/28665","targetHints":{"allow":["GET"]}}],"collection":[{"href":"https:\/\/www.e-anjelik.sk\/index.php\/wp-json\/wp\/v2\/posts"}],"about":[{"href":"https:\/\/www.e-anjelik.sk\/index.php\/wp-json\/wp\/v2\/types\/post"}],"author":[{"embeddable":true,"href":"https:\/\/www.e-anjelik.sk\/index.php\/wp-json\/wp\/v2\/users\/2"}],"replies":[{"embeddable":true,"href":"https:\/\/www.e-anjelik.sk\/index.php\/wp-json\/wp\/v2\/comments?post=28665"}],"version-history":[{"count":0,"href":"https:\/\/www.e-anjelik.sk\/index.php\/wp-json\/wp\/v2\/posts\/28665\/revisions"}],"wp:attachment":[{"href":"https:\/\/www.e-anjelik.sk\/index.php\/wp-json\/wp\/v2\/media?parent=28665"}],"wp:term":[{"taxonomy":"category","embeddable":true,"href":"https:\/\/www.e-anjelik.sk\/index.php\/wp-json\/wp\/v2\/categories?post=28665"},{"taxonomy":"post_tag","embeddable":true,"href":"https:\/\/www.e-anjelik.sk\/index.php\/wp-json\/wp\/v2\/tags?post=28665"}],"curies":[{"name":"wp","href":"https:\/\/api.w.org\/{rel}","templated":true}]}}