{"id":28671,"date":"2015-07-01T15:00:29","date_gmt":"2015-07-01T13:00:29","guid":{"rendered":"http:\/\/www.evanjelik.sk\/?p=28671"},"modified":"2015-07-01T15:00:29","modified_gmt":"2015-07-01T13:00:29","slug":"nabozenske-vysielanie-radia-kontakt-v-budapesti","status":"publish","type":"post","link":"https:\/\/www.e-anjelik.sk\/index.php\/2015\/07\/01\/nabozenske-vysielanie-radia-kontakt-v-budapesti\/","title":{"rendered":"N\u00e1bo\u017eensk\u00e9 vysielanie R\u00e1dia Kontakt v Budape\u0161ti"},"content":{"rendered":"<p>V Budape\u0161ti vysiela n\u00e1bo\u017eensk\u00e9 programy, spr\u00e1vy, hudobn\u00e9 \u010d\u00edsla, vierou\u010dn\u00e9 a etick\u00e9 state, biblick\u00e9 \u0161t\u00fadi\u00e1, k\u00e1zne, bohoslu\u017eby, \u00a0liter\u00e1rne uk\u00e1\u017eky, diskusie, pre dospel\u00fdch, ml\u00e1de\u017e a deti, rodiny, inteligenciu R\u00e1dio Kontakt . Vysiela 24 hod\u00edn denne\u00a0na frekvencii 87,6 MHz v Budape\u0161ti. Toto vysielanie je dostupn\u00e9 aj online na internete. V rozhlase bud\u00fa pracova\u0165 odborn\u00edci z radov teol\u00f3gov, u\u010dite\u013eov, sociol\u00f3gov, ekon\u00f3mov. Celkov\u00fd t\u00edm pracovn\u00edkov- redaktorov je do 50. Pracova\u0165 chc\u00fa bezodplatne. R\u00e1dio bude alternat\u00edvou ku dvom ma\u010farsk\u00fdm katol\u00edckym r\u00e1di\u00e1m. Prin\u00e1\u0161a\u0165 chce kres\u0165ansk\u00e9 protestantsk\u00e9 hodnoty. R\u00e1dio Kontakt chce tesne spolupracova\u0165 so v\u0161etk\u00fdmi doteraj\u0161\u00edmi n\u00e1bo\u017eensk\u00fdmi m\u00e9diami . Priestor chce d\u00e1va\u0165 aj\u00a0 vysielaniam \u017eidovsk\u00fdch hodn\u00f4t.<\/p>\n<p>(www.evangelikus.hu)<\/p>\n","protected":false},"excerpt":{"rendered":"<p>V Budape\u0161ti vysiela n\u00e1bo\u017eensk\u00e9 programy, spr\u00e1vy, hudobn\u00e9 \u010d\u00edsla, vierou\u010dn\u00e9 a etick\u00e9 state, biblick\u00e9 \u0161t\u00fadi\u00e1, k\u00e1zne, bohoslu\u017eby, \u00a0liter\u00e1rne uk\u00e1\u017eky, diskusie, pre dospel\u00fdch, ml\u00e1de\u017e a deti, rodiny, inteligenciu R\u00e1dio Kontakt . Vysiela 24 hod\u00edn denne\u00a0na frekvencii 87,6 MHz v Budape\u0161ti. Toto vysielanie je dostupn\u00e9 aj online na internete. V rozhlase bud\u00fa pracova\u0165 odborn\u00edci z radov teol\u00f3gov, u\u010dite\u013eov, &#8230; <a title=\"N\u00e1bo\u017eensk\u00e9 vysielanie R\u00e1dia Kontakt v Budape\u0161ti\" class=\"read-more\" href=\"https:\/\/www.e-anjelik.sk\/index.php\/2015\/07\/01\/nabozenske-vysielanie-radia-kontakt-v-budapesti\/\" aria-label=\"Pre\u010d\u00edtajte si viac o N\u00e1bo\u017eensk\u00e9 vysielanie R\u00e1dia Kontakt v Budape\u0161ti\">\u010c\u00edta\u0165 viac<\/a><\/p>\n","protected":false},"author":2,"featured_media":0,"comment_status":"open","ping_status":"open","sticky":false,"template":"","format":"standard","meta":{"footnotes":""},"categories":[1],"tags":[],"class_list":["post-28671","post","type-post","status-publish","format-standard","hentry","category-adventna-modlitba"],"_links":{"self":[{"href":"https:\/\/www.e-anjelik.sk\/index.php\/wp-json\/wp\/v2\/posts\/28671","targetHints":{"allow":["GET"]}}],"collection":[{"href":"https:\/\/www.e-anjelik.sk\/index.php\/wp-json\/wp\/v2\/posts"}],"about":[{"href":"https:\/\/www.e-anjelik.sk\/index.php\/wp-json\/wp\/v2\/types\/post"}],"author":[{"embeddable":true,"href":"https:\/\/www.e-anjelik.sk\/index.php\/wp-json\/wp\/v2\/users\/2"}],"replies":[{"embeddable":true,"href":"https:\/\/www.e-anjelik.sk\/index.php\/wp-json\/wp\/v2\/comments?post=28671"}],"version-history":[{"count":0,"href":"https:\/\/www.e-anjelik.sk\/index.php\/wp-json\/wp\/v2\/posts\/28671\/revisions"}],"wp:attachment":[{"href":"https:\/\/www.e-anjelik.sk\/index.php\/wp-json\/wp\/v2\/media?parent=28671"}],"wp:term":[{"taxonomy":"category","embeddable":true,"href":"https:\/\/www.e-anjelik.sk\/index.php\/wp-json\/wp\/v2\/categories?post=28671"},{"taxonomy":"post_tag","embeddable":true,"href":"https:\/\/www.e-anjelik.sk\/index.php\/wp-json\/wp\/v2\/tags?post=28671"}],"curies":[{"name":"wp","href":"https:\/\/api.w.org\/{rel}","templated":true}]}}