{"id":28675,"date":"2015-07-02T07:43:48","date_gmt":"2015-07-02T05:43:48","guid":{"rendered":"http:\/\/www.evanjelik.sk\/?p=28675"},"modified":"2015-07-02T07:43:48","modified_gmt":"2015-07-02T05:43:48","slug":"oznam-dekana-evanjelickej-bohosloveckej-fakulty-univerzity-komenskeho-v-bratislave-o-predlzeni-terminu-na-podanie-prihlasky-na-sudium-v-akademickom-roku-20152016","status":"publish","type":"post","link":"https:\/\/www.e-anjelik.sk\/index.php\/2015\/07\/02\/oznam-dekana-evanjelickej-bohosloveckej-fakulty-univerzity-komenskeho-v-bratislave-o-predlzeni-terminu-na-podanie-prihlasky-na-sudium-v-akademickom-roku-20152016\/","title":{"rendered":"Oznam dekana Evanjelickej bohosloveckej fakulty Univerzity Komensk\u00e9ho v Bratislave o pred\u013a\u017een\u00ed term\u00ednu na podanie prihl\u00e1\u0161ky na \u0161\u00fadium v akademickom roku 2015\/2016"},"content":{"rendered":"<p>Dekan Evanjelickej bohosloveckej fakulty Univerzity Komensk\u00e9ho v Bratislave (\u010falej len \u201eEBF UK\u201c) vzh\u013eadom na skuto\u010dnos\u0165, \u017ee po\u010det prihl\u00e1sen\u00fdch uch\u00e1dza\u010dov na \u0161t\u00fadium  v akademickom roku 2015\/2016 nepresiahol kapacitn\u00e9 mo\u017enosti fakulty predl\u017euje term\u00edn na podanie prihl\u00e1\u0161ky na \u0161t\u00fadium  v \u0161tudijn\u00fdch programoch 1. stup\u0148a, 2. stup\u0148a a 1. a 2. spojen\u00e9ho magistersk\u00e9ho stup\u0148a. Prihl\u00e1\u0161ku na \u0161t\u00fadium je mo\u017en\u00e9 zasla\u0165 do 13. augusta 2015 na adresu:  Evanjelick\u00e1 bohosloveck\u00e1 fakulta Univerzity Komensk\u00e9ho v Bratislave, Bart\u00f3kova 8, 811 02 Bratislava<\/p>\n<p>Zaslan\u00e9 prihl\u00e1\u0161ky na \u0161t\u00fadium bud\u00fa vyhodnoten\u00e9 v n\u00e1hradnom term\u00edne prij\u00edmacieho konania,<br \/>\nt. j.  28. augusta 2015.<\/p>\n<p>V Bratislave d\u0148a 1. j\u00fala 2015<\/p>\n<p>doc. Mgr. \u013dubom\u00edr Batka, Dr. theol., v. r.<br \/>\n\t\t\t\t\t\t\t               dekan <\/p>\n","protected":false},"excerpt":{"rendered":"<p>Dekan Evanjelickej bohosloveckej fakulty Univerzity Komensk\u00e9ho v Bratislave (\u010falej len \u201eEBF UK\u201c) vzh\u013eadom na skuto\u010dnos\u0165, \u017ee po\u010det prihl\u00e1sen\u00fdch uch\u00e1dza\u010dov na \u0161t\u00fadium v akademickom roku 2015\/2016 nepresiahol kapacitn\u00e9 mo\u017enosti fakulty predl\u017euje term\u00edn na podanie prihl\u00e1\u0161ky na \u0161t\u00fadium v \u0161tudijn\u00fdch programoch 1. stup\u0148a, 2. stup\u0148a a 1. a 2. spojen\u00e9ho magistersk\u00e9ho stup\u0148a. Prihl\u00e1\u0161ku na \u0161t\u00fadium je mo\u017en\u00e9 &#8230; <a title=\"Oznam dekana Evanjelickej bohosloveckej fakulty Univerzity Komensk\u00e9ho v Bratislave o pred\u013a\u017een\u00ed term\u00ednu na podanie prihl\u00e1\u0161ky na \u0161\u00fadium v akademickom roku 2015\/2016\" class=\"read-more\" href=\"https:\/\/www.e-anjelik.sk\/index.php\/2015\/07\/02\/oznam-dekana-evanjelickej-bohosloveckej-fakulty-univerzity-komenskeho-v-bratislave-o-predlzeni-terminu-na-podanie-prihlasky-na-sudium-v-akademickom-roku-20152016\/\" aria-label=\"Pre\u010d\u00edtajte si viac o Oznam dekana Evanjelickej bohosloveckej fakulty Univerzity Komensk\u00e9ho v Bratislave o pred\u013a\u017een\u00ed term\u00ednu na podanie prihl\u00e1\u0161ky na \u0161\u00fadium v akademickom roku 2015\/2016\">\u010c\u00edta\u0165 viac<\/a><\/p>\n","protected":false},"author":5,"featured_media":0,"comment_status":"open","ping_status":"open","sticky":false,"template":"","format":"standard","meta":{"footnotes":""},"categories":[1],"tags":[],"class_list":["post-28675","post","type-post","status-publish","format-standard","hentry","category-adventna-modlitba"],"_links":{"self":[{"href":"https:\/\/www.e-anjelik.sk\/index.php\/wp-json\/wp\/v2\/posts\/28675","targetHints":{"allow":["GET"]}}],"collection":[{"href":"https:\/\/www.e-anjelik.sk\/index.php\/wp-json\/wp\/v2\/posts"}],"about":[{"href":"https:\/\/www.e-anjelik.sk\/index.php\/wp-json\/wp\/v2\/types\/post"}],"author":[{"embeddable":true,"href":"https:\/\/www.e-anjelik.sk\/index.php\/wp-json\/wp\/v2\/users\/5"}],"replies":[{"embeddable":true,"href":"https:\/\/www.e-anjelik.sk\/index.php\/wp-json\/wp\/v2\/comments?post=28675"}],"version-history":[{"count":0,"href":"https:\/\/www.e-anjelik.sk\/index.php\/wp-json\/wp\/v2\/posts\/28675\/revisions"}],"wp:attachment":[{"href":"https:\/\/www.e-anjelik.sk\/index.php\/wp-json\/wp\/v2\/media?parent=28675"}],"wp:term":[{"taxonomy":"category","embeddable":true,"href":"https:\/\/www.e-anjelik.sk\/index.php\/wp-json\/wp\/v2\/categories?post=28675"},{"taxonomy":"post_tag","embeddable":true,"href":"https:\/\/www.e-anjelik.sk\/index.php\/wp-json\/wp\/v2\/tags?post=28675"}],"curies":[{"name":"wp","href":"https:\/\/api.w.org\/{rel}","templated":true}]}}