{"id":2868,"date":"2010-06-02T09:01:45","date_gmt":"2010-06-02T09:01:45","guid":{"rendered":"http:\/\/e-anjelik.sk\/?p=2868"},"modified":"2010-06-02T09:01:45","modified_gmt":"2010-06-02T09:01:45","slug":"kralovska-svadba-roka-zivotopisy-mladeho-paru","status":"publish","type":"post","link":"https:\/\/www.e-anjelik.sk\/index.php\/2010\/06\/02\/kralovska-svadba-roka-zivotopisy-mladeho-paru\/","title":{"rendered":"Kr\u00e1\u013eovsk\u00e1 svadba roka &#8211; \u017eivotopisy mlad\u00e9ho p\u00e1ru"},"content":{"rendered":"<p>V s&uacute;vislosti so svadbou roka budeme prin&aacute;&scaron;a\u0165 k tejto t&eacute;me podrobnej&scaron;ie inform&aacute;cie na pokra\u010dovanie z internetov&yacute;ch zdrojov kr&aacute;\u013eovsk&eacute;ho dvora p&iacute;san&eacute; po &scaron;v&eacute;dsky.Dnes za\u010d&iacute;name \u017eivotopismi mlad&eacute;ho p&aacute;ru.<\/p>\n<p>Korunn&aacute; princezn&aacute; Vikt&oacute;ria ,vojvodky\u0148a z V&auml;sterg&ouml;tlandu, narodila sa 14.j&uacute;la 1977. Pri krste v Z&aacute;mockom chr&aacute;me 27. septembra 1977 dostala men&aacute; :Vikt&oacute;ria Ingrid Alice D&eacute;sir&eacute;e. Pri krste boli krstn&yacute;mi rodi\u010dmi: Jej V&yacute;sos\u0165 kr&aacute;\u013eovn&aacute; Beatrix z Holandska, princezn&aacute; D&eacute;sir&eacute;e, bar&oacute;nka Silfverschi&ouml;ld, kr&aacute;\u013e Harald V. z N&oacute;rska a p&aacute;n Ralf Sommerlath. Korunn&aacute; princezn&aacute; Vikt&oacute;ria je najstar&scaron;&iacute;m potomkom J.V. kr&aacute;\u013ea Karola XVI. Gustava a J.V. kr&aacute;\u013eovnej Silvie. M&aacute; dvoch s&uacute;rodencov: brata princa Karola Filipa, nar. 13. m&aacute;ja 1979 a sestru princezn&uacute; Madeleine , nar. 10. j&uacute;na 1980. Konfirmovan&aacute; bola v lete roku 1992 v kostole R&auml;pplinge na ostrove Oland. Absolvovala v&scaron;etky stupne &scaron;k&ocirc;l, &scaron;tudovala politol&oacute;giu a hist&oacute;riu doma i v USA, Nemecku a Franc&uacute;zsku. Ovl&aacute;da angli\u010dtinu, nem\u010dinu a franc&uacute;z&scaron;tinu. Praxovala vo viacer&yacute;ch organiz&aacute;ci&aacute;ch ako s&uacute; OSN, EU a ambas&aacute;dy. Absolvovala aj z&aacute;kladn&yacute; vojensk&yacute; v&yacute;cvik vo &Scaron;v&eacute;dsku. Anga\u017euje sa v po\u010detn&yacute;ch humanit&aacute;rnych organiz&aacute;ci&aacute;ch. Ako z&aacute;stupky\u0148a &Scaron;v&eacute;dska nav&scaron;t&iacute;vila &uacute;radne viacero kraj&iacute;n vo svete. 24. febru&aacute;ra 2009 sa zasn&uacute;bila s p. Danielom Westlingom.<\/p>\n<p>Daniel Olof Westling sa narodil 15. septembra 1973 v Orebro. V tom istom roku bol pokrsten&yacute; v kostole v Almby.M&aacute; star&scaron;iu sestru Annu.Po ukon\u010den&iacute; gymn&aacute;zia pracoval pri opatrovan&iacute; star&yacute;ch \u013eud&iacute;, potom absolvoval vojensk&uacute; slu\u017ebu. Po jej ukon\u010den&iacute; pracoval v zariadeniach vo\u013en&eacute;ho \u010dasu s de\u0165mi s osobitn&yacute;mi potrebami. V r. 1994-96 absolvoval v &Scaron;tokholme \u013dudov&uacute; vysok&uacute; &scaron;kolu ,odbor &scaron;portu a vo\u013en&eacute;ho \u010dasu. Paralelne so &scaron;t&uacute;diom pracoval pre jedno tr&eacute;ningov&eacute; zariadenie. Vzdelanie si roz&scaron;&iacute;ril o odbor tr&eacute;ningov&eacute;ho vedenia. Potom sa osamostatnil a zalo\u017eil si vlastn&eacute; zariadenie. Jeho v&aacute;&scaron;\u0148ou s&uacute; ly\u017eovanie a golf, &scaron;port, zdravotn&iacute;ctvo a soci&aacute;lne ot&aacute;zky.<\/p>\n<p>(<a href=\"http:\/\/www.gripsholmsslott.se\">www.gripsholmsslott.se<\/a>)<\/p>\n","protected":false},"excerpt":{"rendered":"<p>V s&uacute;vislosti so svadbou roka budeme prin&aacute;&scaron;a\u0165 k tejto t&eacute;me podrobnej&scaron;ie inform&aacute;cie na pokra\u010dovanie z internetov&yacute;ch zdrojov kr&aacute;\u013eovsk&eacute;ho dvora p&iacute;san&eacute; po &scaron;v&eacute;dsky.Dnes za\u010d&iacute;name \u017eivotopismi mlad&eacute;ho p&aacute;ru. Korunn&aacute; princezn&aacute; Vikt&oacute;ria ,vojvodky\u0148a z V&auml;sterg&ouml;tlandu, narodila sa 14.j&uacute;la 1977. Pri krste v Z&aacute;mockom chr&aacute;me 27. septembra 1977 dostala men&aacute; :Vikt&oacute;ria Ingrid Alice D&eacute;sir&eacute;e. Pri krste boli krstn&yacute;mi rodi\u010dmi: &#8230; <a title=\"Kr\u00e1\u013eovsk\u00e1 svadba roka &#8211; \u017eivotopisy mlad\u00e9ho p\u00e1ru\" class=\"read-more\" href=\"https:\/\/www.e-anjelik.sk\/index.php\/2010\/06\/02\/kralovska-svadba-roka-zivotopisy-mladeho-paru\/\" aria-label=\"Pre\u010d\u00edtajte si viac o Kr\u00e1\u013eovsk\u00e1 svadba roka &#8211; \u017eivotopisy mlad\u00e9ho p\u00e1ru\">\u010c\u00edta\u0165 viac<\/a><\/p>\n","protected":false},"author":22,"featured_media":0,"comment_status":"open","ping_status":"open","sticky":false,"template":"","format":"standard","meta":{"footnotes":""},"categories":[1,14],"tags":[],"class_list":["post-2868","post","type-post","status-publish","format-standard","hentry","category-adventna-modlitba","category-osobnosti"],"_links":{"self":[{"href":"https:\/\/www.e-anjelik.sk\/index.php\/wp-json\/wp\/v2\/posts\/2868","targetHints":{"allow":["GET"]}}],"collection":[{"href":"https:\/\/www.e-anjelik.sk\/index.php\/wp-json\/wp\/v2\/posts"}],"about":[{"href":"https:\/\/www.e-anjelik.sk\/index.php\/wp-json\/wp\/v2\/types\/post"}],"author":[{"embeddable":true,"href":"https:\/\/www.e-anjelik.sk\/index.php\/wp-json\/wp\/v2\/users\/22"}],"replies":[{"embeddable":true,"href":"https:\/\/www.e-anjelik.sk\/index.php\/wp-json\/wp\/v2\/comments?post=2868"}],"version-history":[{"count":0,"href":"https:\/\/www.e-anjelik.sk\/index.php\/wp-json\/wp\/v2\/posts\/2868\/revisions"}],"wp:attachment":[{"href":"https:\/\/www.e-anjelik.sk\/index.php\/wp-json\/wp\/v2\/media?parent=2868"}],"wp:term":[{"taxonomy":"category","embeddable":true,"href":"https:\/\/www.e-anjelik.sk\/index.php\/wp-json\/wp\/v2\/categories?post=2868"},{"taxonomy":"post_tag","embeddable":true,"href":"https:\/\/www.e-anjelik.sk\/index.php\/wp-json\/wp\/v2\/tags?post=2868"}],"curies":[{"name":"wp","href":"https:\/\/api.w.org\/{rel}","templated":true}]}}