{"id":28684,"date":"2015-07-06T10:30:51","date_gmt":"2015-07-06T08:30:51","guid":{"rendered":"http:\/\/www.evanjelik.sk\/?p=28684"},"modified":"2015-07-06T10:30:51","modified_gmt":"2015-07-06T08:30:51","slug":"konferencia-evanjelickych-duchovnych-v-polsku","status":"publish","type":"post","link":"https:\/\/www.e-anjelik.sk\/index.php\/2015\/07\/06\/konferencia-evanjelickych-duchovnych-v-polsku\/","title":{"rendered":"Konferencia evanjelick\u00fdch duchovn\u00fdch v Po\u013esku"},"content":{"rendered":"<p>Od 29. j\u00fana do 1. j\u00fala 2015 sa v Mikolajkach konala celopo\u013esk\u00e1 konferencia evanjelick\u00fdch duchovn\u00fdch. Konferencie sa z\u00fa\u010dastnili diakoni, k\u0148azi a biskupi z cel\u00e9ho Po\u013eska. T\u00e9mou bola &#8222;Cirkev zajtraj\u0161ka v praktickom dosahu&#8220;. Pracovalo sa v siedmich \u00a0diskusn\u00fdch skupin\u00e1ch. T\u00e9my v skupin\u00e1ch sa opakovali tri razy, aby sa ich v\u0161etci z\u00e1ujemcovia mohli z\u00fa\u010dastni\u0165.<\/p>\n<p>Riadite\u013e elektronick\u00e9ho dozoru nad trestan\u00fdmi v Po\u013esku Pawel Nasilowski hovoril o z\u00e1konn\u00fdch podmienkach vyu\u017e\u00edvania ods\u00faden\u00fdch pre bezodplatn\u00e9 verejnoprospe\u0161n\u00e9 pr\u00e1ce miestnymi \u00faradmi, ktor\u00e9 vhodne m\u00f4\u017eu vyu\u017ei\u0165 na prev\u00fdchu trestancov aj cirkevn\u00e9 zbory. \u00a0Ide o pr\u00edpady zaradenia trestan\u00fdch do dom\u00e1ceho v\u00e4zenia s tzv. elektronick\u00fdmi n\u00e1ramkami. V diel\u0148ach sa diskutovalo o konfirma\u010dnej v\u00fdu\u010dbe, praxe sob\u00e1\u0161ov a pohrebov, solidarity medzi duchovn\u00fdmi, sviatost\u00ed Krstu Sv. a Ve\u010dere P\u00e1novej. Osobitou bola prezent\u00e1cia o arch\u00edvoch, najm\u00e4 o mo\u017enosti vyu\u017e\u00edvania \u0161t\u00e1tnych arch\u00edvov. Na z\u00e1ver bola \u017eiv\u00e1 diskusia o ordin\u00e1cii \u017eien. Bud\u00faca konferencia duchovn\u00fdch bude koncom j\u00fana 2016 vo Wisle &#8211; Jaworniku.<\/p>\n<p>(www.luteranie.pl)<\/p>\n","protected":false},"excerpt":{"rendered":"<p>Od 29. j\u00fana do 1. j\u00fala 2015 sa v Mikolajkach konala celopo\u013esk\u00e1 konferencia evanjelick\u00fdch duchovn\u00fdch. Konferencie sa z\u00fa\u010dastnili diakoni, k\u0148azi a biskupi z cel\u00e9ho Po\u013eska. T\u00e9mou bola &#8222;Cirkev zajtraj\u0161ka v praktickom dosahu&#8220;. Pracovalo sa v siedmich \u00a0diskusn\u00fdch skupin\u00e1ch. T\u00e9my v skupin\u00e1ch sa opakovali tri razy, aby sa ich v\u0161etci z\u00e1ujemcovia mohli z\u00fa\u010dastni\u0165. Riadite\u013e elektronick\u00e9ho dozoru &#8230; <a title=\"Konferencia evanjelick\u00fdch duchovn\u00fdch v Po\u013esku\" class=\"read-more\" href=\"https:\/\/www.e-anjelik.sk\/index.php\/2015\/07\/06\/konferencia-evanjelickych-duchovnych-v-polsku\/\" aria-label=\"Pre\u010d\u00edtajte si viac o Konferencia evanjelick\u00fdch duchovn\u00fdch v Po\u013esku\">\u010c\u00edta\u0165 viac<\/a><\/p>\n","protected":false},"author":2,"featured_media":0,"comment_status":"open","ping_status":"open","sticky":false,"template":"","format":"standard","meta":{"footnotes":""},"categories":[1],"tags":[],"class_list":["post-28684","post","type-post","status-publish","format-standard","hentry","category-adventna-modlitba"],"_links":{"self":[{"href":"https:\/\/www.e-anjelik.sk\/index.php\/wp-json\/wp\/v2\/posts\/28684","targetHints":{"allow":["GET"]}}],"collection":[{"href":"https:\/\/www.e-anjelik.sk\/index.php\/wp-json\/wp\/v2\/posts"}],"about":[{"href":"https:\/\/www.e-anjelik.sk\/index.php\/wp-json\/wp\/v2\/types\/post"}],"author":[{"embeddable":true,"href":"https:\/\/www.e-anjelik.sk\/index.php\/wp-json\/wp\/v2\/users\/2"}],"replies":[{"embeddable":true,"href":"https:\/\/www.e-anjelik.sk\/index.php\/wp-json\/wp\/v2\/comments?post=28684"}],"version-history":[{"count":0,"href":"https:\/\/www.e-anjelik.sk\/index.php\/wp-json\/wp\/v2\/posts\/28684\/revisions"}],"wp:attachment":[{"href":"https:\/\/www.e-anjelik.sk\/index.php\/wp-json\/wp\/v2\/media?parent=28684"}],"wp:term":[{"taxonomy":"category","embeddable":true,"href":"https:\/\/www.e-anjelik.sk\/index.php\/wp-json\/wp\/v2\/categories?post=28684"},{"taxonomy":"post_tag","embeddable":true,"href":"https:\/\/www.e-anjelik.sk\/index.php\/wp-json\/wp\/v2\/tags?post=28684"}],"curies":[{"name":"wp","href":"https:\/\/api.w.org\/{rel}","templated":true}]}}