{"id":2869,"date":"2010-06-02T09:56:59","date_gmt":"2010-06-02T09:56:59","guid":{"rendered":"http:\/\/e-anjelik.sk\/?p=2869"},"modified":"2010-06-02T09:56:59","modified_gmt":"2010-06-02T09:56:59","slug":"otvoria-tzv-chram-karpatskej-domoviny","status":"publish","type":"post","link":"https:\/\/www.e-anjelik.sk\/index.php\/2010\/06\/02\/otvoria-tzv-chram-karpatskej-domoviny\/","title":{"rendered":"Otvoria tzv. Chr\u00e1m karpatskej domoviny"},"content":{"rendered":"<p>V s&uacute;vislosti s nacionalistick&yacute;m a revizionistick&yacute;m&nbsp;hnut&iacute;m v Ma\u010farsku treba da\u0165 aj otvorenie tzv. Chr&aacute;mu karpatskej domoviny&nbsp;(K&aacute;rp&aacute;t- haza temploma) vo Ver&ouml;ce. Traja kres\u0165ansk&iacute; biskupi : Be&eacute;r Mikl&oacute;s za r&iacute;m. kat. cirkev, Szab&oacute; Istv&aacute;n, za reformovan&uacute; a Fabiny Tibor za evanjelick&uacute; vydali spolo\u010dn&eacute; vyhl&aacute;senie k pr&iacute;padu. Vyjadruj&uacute; sa,\u017ee Trianon si treba pripom&iacute;na\u0165,ale tak&yacute;to chr&aacute;m, v ktorom s&uacute; in&scaron;talovan&eacute; pohansk&eacute; symboly star&yacute;ch predkres\u0165ansk&yacute;ch Ma\u010farov, nepova\u017euj&uacute; za kres\u0165ansk&yacute; kostol a preto na jeho otvoren&iacute; sa nez&uacute;\u010dastnia.<\/p>\n<p>(<a href=\"http:\/\/www.evangelikus.hu\">www.evangelikus.hu<\/a>)<\/p>\n","protected":false},"excerpt":{"rendered":"<p>V s&uacute;vislosti s nacionalistick&yacute;m a revizionistick&yacute;m&nbsp;hnut&iacute;m v Ma\u010farsku treba da\u0165 aj otvorenie tzv. Chr&aacute;mu karpatskej domoviny&nbsp;(K&aacute;rp&aacute;t- haza temploma) vo Ver&ouml;ce. Traja kres\u0165ansk&iacute; biskupi : Be&eacute;r Mikl&oacute;s za r&iacute;m. kat. cirkev, Szab&oacute; Istv&aacute;n, za reformovan&uacute; a Fabiny Tibor za evanjelick&uacute; vydali spolo\u010dn&eacute; vyhl&aacute;senie k pr&iacute;padu. Vyjadruj&uacute; sa,\u017ee Trianon si treba pripom&iacute;na\u0165,ale tak&yacute;to chr&aacute;m, v ktorom s&uacute; &#8230; <a title=\"Otvoria tzv. Chr\u00e1m karpatskej domoviny\" class=\"read-more\" href=\"https:\/\/www.e-anjelik.sk\/index.php\/2010\/06\/02\/otvoria-tzv-chram-karpatskej-domoviny\/\" aria-label=\"Pre\u010d\u00edtajte si viac o Otvoria tzv. Chr\u00e1m karpatskej domoviny\">\u010c\u00edta\u0165 viac<\/a><\/p>\n","protected":false},"author":22,"featured_media":0,"comment_status":"open","ping_status":"open","sticky":false,"template":"","format":"standard","meta":{"footnotes":""},"categories":[9,10],"tags":[],"class_list":["post-2869","post","type-post","status-publish","format-standard","hentry","category-europa","category-zo-sveta"],"_links":{"self":[{"href":"https:\/\/www.e-anjelik.sk\/index.php\/wp-json\/wp\/v2\/posts\/2869","targetHints":{"allow":["GET"]}}],"collection":[{"href":"https:\/\/www.e-anjelik.sk\/index.php\/wp-json\/wp\/v2\/posts"}],"about":[{"href":"https:\/\/www.e-anjelik.sk\/index.php\/wp-json\/wp\/v2\/types\/post"}],"author":[{"embeddable":true,"href":"https:\/\/www.e-anjelik.sk\/index.php\/wp-json\/wp\/v2\/users\/22"}],"replies":[{"embeddable":true,"href":"https:\/\/www.e-anjelik.sk\/index.php\/wp-json\/wp\/v2\/comments?post=2869"}],"version-history":[{"count":0,"href":"https:\/\/www.e-anjelik.sk\/index.php\/wp-json\/wp\/v2\/posts\/2869\/revisions"}],"wp:attachment":[{"href":"https:\/\/www.e-anjelik.sk\/index.php\/wp-json\/wp\/v2\/media?parent=2869"}],"wp:term":[{"taxonomy":"category","embeddable":true,"href":"https:\/\/www.e-anjelik.sk\/index.php\/wp-json\/wp\/v2\/categories?post=2869"},{"taxonomy":"post_tag","embeddable":true,"href":"https:\/\/www.e-anjelik.sk\/index.php\/wp-json\/wp\/v2\/tags?post=2869"}],"curies":[{"name":"wp","href":"https:\/\/api.w.org\/{rel}","templated":true}]}}