{"id":2870,"date":"2010-06-02T10:35:54","date_gmt":"2010-06-02T10:35:54","guid":{"rendered":"http:\/\/e-anjelik.sk\/?p=2870"},"modified":"2010-06-02T10:35:54","modified_gmt":"2010-06-02T10:35:54","slug":"instalacia-arcibiskupa-finskej-lut-cirkvi","status":"publish","type":"post","link":"https:\/\/www.e-anjelik.sk\/index.php\/2010\/06\/02\/instalacia-arcibiskupa-finskej-lut-cirkvi\/","title":{"rendered":"In\u0161tal\u00e1cia arcibiskupa F\u00ednskej lut. cirkvi"},"content":{"rendered":"<p>V nede\u013eu 6. j&uacute;na t.r. v katedr&aacute;le Turku o 10.00 hodine bud&uacute; sl&aacute;vnostn&eacute; slu\u017eby Bo\u017eie, na ktor&yacute;ch do &uacute;radu arcibiskupa tejto cirkvi uved&uacute; biskupa Kari M&auml;kinena. Na sl&aacute;vnosti bude pr&iacute;tomn&aacute; prezidentka F&iacute;nskej republiky Tarja Halonen. In&scaron;talova\u0165 bude biskup z Helsink Eero Huovinen. Na tejto sl&aacute;vnosti bud&uacute; pr&iacute;tomn&iacute; po\u010detn&iacute; biskupi dom&aacute;cej i zahrani\u010dn&yacute;ch cirkv&iacute;, napr. Ruska, Est&oacute;nska, &Scaron;v&eacute;dska, N&oacute;rska, D&aacute;nska, Anglicka, Nemecka, Ma\u010farska, El Salvadora, Namibie, Jord&aacute;nska,Ju\u017enej Afriky . SLZ bude zastupova\u0165 jej gen. tajomn&iacute;k I. Noko.Sl&aacute;vnos\u0165 bude ozdoben&aacute; spevom a hudbou troch v&yacute;znamn&yacute;ch zborov.Slu\u017eby Bo\u017eie bud&uacute; s Ve\u010derou P&aacute;novou a z&aacute;vere\u010dn&uacute; liturgiu a po\u017eehnanie udel&iacute; nov&yacute; arcibiskup.&nbsp;In&scaron;tal&aacute;ciu bude live pren&aacute;&scaron;a\u0165 TV1 a Radio Vega zo z&aacute;znamu.<\/p>\n<p>(<a href=\"http:\/\/www.evl.fi\">www.evl.fi<\/a>)<\/p>\n","protected":false},"excerpt":{"rendered":"<p>V nede\u013eu 6. j&uacute;na t.r. v katedr&aacute;le Turku o 10.00 hodine bud&uacute; sl&aacute;vnostn&eacute; slu\u017eby Bo\u017eie, na ktor&yacute;ch do &uacute;radu arcibiskupa tejto cirkvi uved&uacute; biskupa Kari M&auml;kinena. Na sl&aacute;vnosti bude pr&iacute;tomn&aacute; prezidentka F&iacute;nskej republiky Tarja Halonen. In&scaron;talova\u0165 bude biskup z Helsink Eero Huovinen. Na tejto sl&aacute;vnosti bud&uacute; pr&iacute;tomn&iacute; po\u010detn&iacute; biskupi dom&aacute;cej i zahrani\u010dn&yacute;ch cirkv&iacute;, napr. Ruska, &#8230; <a title=\"In\u0161tal\u00e1cia arcibiskupa F\u00ednskej lut. cirkvi\" class=\"read-more\" href=\"https:\/\/www.e-anjelik.sk\/index.php\/2010\/06\/02\/instalacia-arcibiskupa-finskej-lut-cirkvi\/\" aria-label=\"Pre\u010d\u00edtajte si viac o In\u0161tal\u00e1cia arcibiskupa F\u00ednskej lut. cirkvi\">\u010c\u00edta\u0165 viac<\/a><\/p>\n","protected":false},"author":22,"featured_media":0,"comment_status":"open","ping_status":"open","sticky":false,"template":"","format":"standard","meta":{"footnotes":""},"categories":[9,10],"tags":[],"class_list":["post-2870","post","type-post","status-publish","format-standard","hentry","category-europa","category-zo-sveta"],"_links":{"self":[{"href":"https:\/\/www.e-anjelik.sk\/index.php\/wp-json\/wp\/v2\/posts\/2870","targetHints":{"allow":["GET"]}}],"collection":[{"href":"https:\/\/www.e-anjelik.sk\/index.php\/wp-json\/wp\/v2\/posts"}],"about":[{"href":"https:\/\/www.e-anjelik.sk\/index.php\/wp-json\/wp\/v2\/types\/post"}],"author":[{"embeddable":true,"href":"https:\/\/www.e-anjelik.sk\/index.php\/wp-json\/wp\/v2\/users\/22"}],"replies":[{"embeddable":true,"href":"https:\/\/www.e-anjelik.sk\/index.php\/wp-json\/wp\/v2\/comments?post=2870"}],"version-history":[{"count":0,"href":"https:\/\/www.e-anjelik.sk\/index.php\/wp-json\/wp\/v2\/posts\/2870\/revisions"}],"wp:attachment":[{"href":"https:\/\/www.e-anjelik.sk\/index.php\/wp-json\/wp\/v2\/media?parent=2870"}],"wp:term":[{"taxonomy":"category","embeddable":true,"href":"https:\/\/www.e-anjelik.sk\/index.php\/wp-json\/wp\/v2\/categories?post=2870"},{"taxonomy":"post_tag","embeddable":true,"href":"https:\/\/www.e-anjelik.sk\/index.php\/wp-json\/wp\/v2\/tags?post=2870"}],"curies":[{"name":"wp","href":"https:\/\/api.w.org\/{rel}","templated":true}]}}