{"id":28709,"date":"2015-07-13T00:56:18","date_gmt":"2015-07-12T22:56:18","guid":{"rendered":"http:\/\/www.evanjelik.sk\/?p=28709"},"modified":"2015-07-13T00:56:18","modified_gmt":"2015-07-12T22:56:18","slug":"z-diania-v-mys-jujul-2015","status":"publish","type":"post","link":"https:\/\/www.e-anjelik.sk\/index.php\/2015\/07\/13\/z-diania-v-mys-jujul-2015\/","title":{"rendered":"Z diania v MyS  &#8211; (j\u00fa\/j\u00fal 2015)"},"content":{"rendered":"<p>20. j\u00fana 2015<\/p>\n<p>bol v CZ BUKOVEC in\u0161talovan\u00fd novozvolen\u00fd zborov\u00fd far\u00e1r J\u00e1n Sadlo\u0148.\u00a0In\u0161tala\u010dn\u00fd akt vykonal senior M.Hvo\u017e\u010fara, za pr\u00edtomnosti viacer\u00fdch far\u00e1rov. Sl\u00e1vnostn\u00fdm kazate\u013eom bol Ivan Novomestsk\u00fd z Krajn\u00e9ho. Pr\u00edtomn\u00ed boli \u010falej: M.Hvo\u017e\u010fara st. z \u010c\u00e1\u010dova, Juraj \u0160ev\u010d\u00edk zo Senice, J\u00e1n Bun\u010diak z Tren\u010d\u00edna, Jozef Pacek z Kremnice, Iveta Vachulov\u00e1 z Turej L\u00faky, Pavel \u010cerfe\u013e z Prietr\u017ee, Pavel \u0160tefek z \u010castkova, J\u00e1n Lichanec z Brezovej.\u00a0In\u0161talovan\u00e9mu\u00a0 a CZ Bukovec blaho\u017eel\u00e1me a prajeme hojnos\u0165 Bo\u017eieho po\u017eehnania.<\/p>\n<p>3.j\u00fala 2015<\/p>\n<p>sa v Brezovej pod Bradlom konal semin\u00e1r venovan\u00fd publik\u00e1cii: Mu\u010den\u00edk pravdy Kristovej, vydanej pri pr\u00edle\u017eitosti 600. v\u00fdro\u010dia mu\u010den\u00edckej smrti J\u00e1na Husa.<\/p>\n<p>Na semin\u00e1ri predn\u00e1\u0161ali dom\u00e1ci historici Peter Uhl\u00edk a Mat\u00fa\u0161 Valihora na t\u00e9mu Husitsk\u00e1 trad\u00edcia v podbradliansko-podjavorinskom kraji, \u010falej\u00a0 s.riadite\u013eka M\u00fazea T.G.Masaryka z Hodon\u00edna Irena Chovan\u010d\u00edkov\u00e1 na t\u00e9mu: Odkaz J.Husa vo filozofii TGM, brezovsk\u00fd pravosl\u00e1vny k\u0148az predstavil J. Husa z poh\u013eadu ortodoxnej pravosl\u00e1vnej trad\u00edcie. Pr\u00edtomn\u00fdch pozdravil dp.biskup cirkvi \u010ceskoslovenskej husitskej na Slovensku J\u00e1n Hradil a biskup ZD ECAV Milan Krivda.<\/p>\n<p>5.j\u00fala 2015<\/p>\n<p>&#8211; vo sviatok Kon\u0161tant\u00edna a Metoda, bol Di\u0161triktu\u00e1lny de\u0148 ZD ECAV na Bran\u010di .<\/p>\n<p>V predve\u010der sl\u00e1vnosti bolo stretnutie ml\u00e1de\u017ee v KD na Podbran\u010di. V tom istom \u010dase sa konal na Ko\u0161arisk\u00e1ch koncert chr\u00e1movej hudby.<\/p>\n<p>Sl\u00e1vnostn\u00e9 SLB z hradu Bran\u010d boli venovan\u00e9 najm\u00e4 pamiatke 600.v\u00fdro\u010dia up\u00e1lenia M.J.Husa a boli vysielan\u00e9 v priamom prenose v rozhlase.<\/p>\n<p>Sl\u00e1vnosnt\u00fdm kazate\u013eom bol senior V\u00fdchodomoravsk\u00e9ho senior\u00e1tu \u010ceskobratskej cirkvi evang. Peter Pivo\u0148ka. V zvesti zaznela k\u00e1ze\u0148 majstra J. Husa o dobrom pastierovi na text J\u00e1n 10, 11-16.<\/p>\n<p>Proglas od Kon\u0161tant\u00edna Filozofa predn\u00e1\u0161al zasl.umelec Juraj Sarva\u0161.<\/p>\n<p>Pr\u00edtomn\u00fdch pozdravil v pr\u00edhovore aj gen.biskup ECAV Milo\u0161 Kl\u00e1tik. Kr\u00e1tky pozdrav povedal aj biskup Evanj.a.v.cirkvi z Ma\u010farska J\u00e1nos Semerei.<\/p>\n<p>V programe vyst\u00fapil spevokol mlad\u00fdch zo Soboti\u0161\u0165a a \u010castkova pod veden\u00edm A.Praska\u010dovej, spevokol CZ Tren\u010dianske Stankovce pod veden\u00edm Milana Petrulu,\u00a0 a hudobn\u00e1 skupinka \u201cSwitt on\u201d z Vrboviec.<\/p>\n<p>Pekn\u00fd prejav mal gener\u00e1lny duchovn\u00fd Ekumenickej pastora\u010dnej slu\u017eby\u00a0 \/OZ SR a OZ SR\/ v arm\u00e1de Marian Bodollo.<\/p>\n<p>5.j\u00fala popoludn\u00ed<\/p>\n<p>program Di\u0161triktu\u00e1lneho d\u0148a ZD ECAV\u00a0 pokra\u010doval v Brezovej pod Bradlom divadeln\u00fdm predstaven\u00edm: Pevec Bo\u017e\u00ed \/ obraz zo \u017eivota Juraja Tranovsk\u00e9ho\/ v podan\u00ed hercov Spi\u0161sk\u00e9ho divadla.<\/p>\n<p>Pri Husovom pomn\u00edku obozn\u00e1mila pr\u00edtomn\u00fdch s jeho hist\u00f3riou ses.dozorky\u0148a CZ J.B\u00f4\u017eikov\u00e1.(93.v\u00fdro\u010die odhalenia, dar Kostnickej jednoty)\u00a0 K\u00e1z\u0148ou posl\u00fa\u017eil br.biskup ZD Milan Krivda.<\/p>\n<p>5.j\u00fala<\/p>\n<p>&#8211; na Myjave, v r\u00e1mci Medzin\u00e1rodn\u00e9ho folkl\u00f3rneho festivalu sa prezentoval aj dom\u00e1ci cirkevn\u00fd zbor, kde vykonal misijn\u00e9 slu\u017eby Bo\u017eie.<\/p>\n","protected":false},"excerpt":{"rendered":"<p>20. j\u00fana 2015 bol v CZ BUKOVEC in\u0161talovan\u00fd novozvolen\u00fd zborov\u00fd far\u00e1r J\u00e1n Sadlo\u0148.\u00a0In\u0161tala\u010dn\u00fd akt vykonal senior M.Hvo\u017e\u010fara, za pr\u00edtomnosti viacer\u00fdch far\u00e1rov. Sl\u00e1vnostn\u00fdm kazate\u013eom bol Ivan Novomestsk\u00fd z Krajn\u00e9ho. Pr\u00edtomn\u00ed boli \u010falej: M.Hvo\u017e\u010fara st. z \u010c\u00e1\u010dova, Juraj \u0160ev\u010d\u00edk zo Senice, J\u00e1n Bun\u010diak z Tren\u010d\u00edna, Jozef Pacek z Kremnice, Iveta Vachulov\u00e1 z Turej L\u00faky, Pavel \u010cerfe\u013e z &#8230; <a title=\"Z diania v MyS  &#8211; (j\u00fa\/j\u00fal 2015)\" class=\"read-more\" href=\"https:\/\/www.e-anjelik.sk\/index.php\/2015\/07\/13\/z-diania-v-mys-jujul-2015\/\" aria-label=\"Pre\u010d\u00edtajte si viac o Z diania v MyS  &#8211; (j\u00fa\/j\u00fal 2015)\">\u010c\u00edta\u0165 viac<\/a><\/p>\n","protected":false},"author":4,"featured_media":0,"comment_status":"open","ping_status":"open","sticky":false,"template":"","format":"standard","meta":{"footnotes":""},"categories":[4,6],"tags":[],"class_list":["post-28709","post","type-post","status-publish","format-standard","hentry","category-akcie","category-myjavsky-seniorat"],"_links":{"self":[{"href":"https:\/\/www.e-anjelik.sk\/index.php\/wp-json\/wp\/v2\/posts\/28709","targetHints":{"allow":["GET"]}}],"collection":[{"href":"https:\/\/www.e-anjelik.sk\/index.php\/wp-json\/wp\/v2\/posts"}],"about":[{"href":"https:\/\/www.e-anjelik.sk\/index.php\/wp-json\/wp\/v2\/types\/post"}],"author":[{"embeddable":true,"href":"https:\/\/www.e-anjelik.sk\/index.php\/wp-json\/wp\/v2\/users\/4"}],"replies":[{"embeddable":true,"href":"https:\/\/www.e-anjelik.sk\/index.php\/wp-json\/wp\/v2\/comments?post=28709"}],"version-history":[{"count":0,"href":"https:\/\/www.e-anjelik.sk\/index.php\/wp-json\/wp\/v2\/posts\/28709\/revisions"}],"wp:attachment":[{"href":"https:\/\/www.e-anjelik.sk\/index.php\/wp-json\/wp\/v2\/media?parent=28709"}],"wp:term":[{"taxonomy":"category","embeddable":true,"href":"https:\/\/www.e-anjelik.sk\/index.php\/wp-json\/wp\/v2\/categories?post=28709"},{"taxonomy":"post_tag","embeddable":true,"href":"https:\/\/www.e-anjelik.sk\/index.php\/wp-json\/wp\/v2\/tags?post=28709"}],"curies":[{"name":"wp","href":"https:\/\/api.w.org\/{rel}","templated":true}]}}