{"id":2871,"date":"2010-06-02T11:05:39","date_gmt":"2010-06-02T11:05:39","guid":{"rendered":"http:\/\/e-anjelik.sk\/?p=2871"},"modified":"2010-06-02T11:05:39","modified_gmt":"2010-06-02T11:05:39","slug":"prva-ordinacia-hlucheho-za-pastora-v-norsku","status":"publish","type":"post","link":"https:\/\/www.e-anjelik.sk\/index.php\/2010\/06\/02\/prva-ordinacia-hlucheho-za-pastora-v-norsku\/","title":{"rendered":"Prv\u00e1 ordin\u00e1cia hluch\u00e9ho za pastora v N\u00f3rsku"},"content":{"rendered":"<p>V nede\u013eu 20. j&uacute;na t.r. biskup Oslo Ole Christian Kvarme v kostole Kroken v Tromsoe bude ordinova\u0165 hluch&eacute;ho 49-ro\u010dn&eacute;ho Arne Lundguista za pastora. N&oacute;rska&nbsp;cirkev pred &scaron;tyrmi rokmi zriadila osobitn&uacute; slu\u017ebu pre hluch&yacute;ch. Zodpovedn&yacute;m&nbsp;ved&uacute;cim tejto \u010dinnosti&nbsp;je pr&aacute;ve biskup Oslo. &nbsp;Lunguist ukon\u010dil posledn&eacute; dva roky vzdelanie na Cirkevnom vzdel&aacute;vacom stredisku Nord -Tromsoe. Vyr&aacute;stal pri hluch&yacute;ch rodi\u010doch, a tak z&iacute;skal citlivos\u0165 pre ch&aacute;panie vn&uacute;torn&eacute;ho sveta t&yacute;chto \u013eud&iacute;. Slu\u017eby Bo\u017eie sa bud&uacute; kona\u0165 v posunkovej re\u010di. Pre ostatn&yacute;ch pr&iacute;tomn&yacute;ch bud&uacute; spr&iacute;stupnen&eacute; v p&iacute;sanej podobe&nbsp;textami.<\/p>\n<p>(<a href=\"http:\/\/www.kirken.no\">www.kirken.no<\/a>)<\/p>\n","protected":false},"excerpt":{"rendered":"<p>V nede\u013eu 20. j&uacute;na t.r. biskup Oslo Ole Christian Kvarme v kostole Kroken v Tromsoe bude ordinova\u0165 hluch&eacute;ho 49-ro\u010dn&eacute;ho Arne Lundguista za pastora. N&oacute;rska&nbsp;cirkev pred &scaron;tyrmi rokmi zriadila osobitn&uacute; slu\u017ebu pre hluch&yacute;ch. Zodpovedn&yacute;m&nbsp;ved&uacute;cim tejto \u010dinnosti&nbsp;je pr&aacute;ve biskup Oslo. &nbsp;Lunguist ukon\u010dil posledn&eacute; dva roky vzdelanie na Cirkevnom vzdel&aacute;vacom stredisku Nord -Tromsoe. Vyr&aacute;stal pri hluch&yacute;ch rodi\u010doch, a &#8230; <a title=\"Prv\u00e1 ordin\u00e1cia hluch\u00e9ho za pastora v N\u00f3rsku\" class=\"read-more\" href=\"https:\/\/www.e-anjelik.sk\/index.php\/2010\/06\/02\/prva-ordinacia-hlucheho-za-pastora-v-norsku\/\" aria-label=\"Pre\u010d\u00edtajte si viac o Prv\u00e1 ordin\u00e1cia hluch\u00e9ho za pastora v N\u00f3rsku\">\u010c\u00edta\u0165 viac<\/a><\/p>\n","protected":false},"author":22,"featured_media":0,"comment_status":"open","ping_status":"open","sticky":false,"template":"","format":"standard","meta":{"footnotes":""},"categories":[42,10],"tags":[],"class_list":["post-2871","post","type-post","status-publish","format-standard","hentry","category-skandinavia","category-zo-sveta"],"_links":{"self":[{"href":"https:\/\/www.e-anjelik.sk\/index.php\/wp-json\/wp\/v2\/posts\/2871","targetHints":{"allow":["GET"]}}],"collection":[{"href":"https:\/\/www.e-anjelik.sk\/index.php\/wp-json\/wp\/v2\/posts"}],"about":[{"href":"https:\/\/www.e-anjelik.sk\/index.php\/wp-json\/wp\/v2\/types\/post"}],"author":[{"embeddable":true,"href":"https:\/\/www.e-anjelik.sk\/index.php\/wp-json\/wp\/v2\/users\/22"}],"replies":[{"embeddable":true,"href":"https:\/\/www.e-anjelik.sk\/index.php\/wp-json\/wp\/v2\/comments?post=2871"}],"version-history":[{"count":0,"href":"https:\/\/www.e-anjelik.sk\/index.php\/wp-json\/wp\/v2\/posts\/2871\/revisions"}],"wp:attachment":[{"href":"https:\/\/www.e-anjelik.sk\/index.php\/wp-json\/wp\/v2\/media?parent=2871"}],"wp:term":[{"taxonomy":"category","embeddable":true,"href":"https:\/\/www.e-anjelik.sk\/index.php\/wp-json\/wp\/v2\/categories?post=2871"},{"taxonomy":"post_tag","embeddable":true,"href":"https:\/\/www.e-anjelik.sk\/index.php\/wp-json\/wp\/v2\/tags?post=2871"}],"curies":[{"name":"wp","href":"https:\/\/api.w.org\/{rel}","templated":true}]}}