{"id":28711,"date":"2015-07-14T08:17:44","date_gmt":"2015-07-14T06:17:44","guid":{"rendered":"http:\/\/www.evanjelik.sk\/?p=28711"},"modified":"2015-07-14T08:17:44","modified_gmt":"2015-07-14T06:17:44","slug":"cirkevny-den-luzickych-srbov-v-meste-cottbus","status":"publish","type":"post","link":"https:\/\/www.e-anjelik.sk\/index.php\/2015\/07\/14\/cirkevny-den-luzickych-srbov-v-meste-cottbus\/","title":{"rendered":"Cirkevn\u00fd de\u0148 Lu\u017eick\u00fdch Srbov v meste Cottbus"},"content":{"rendered":"<p>V sobotu 4. j\u00fala 2015 sa v meste Cottbus konal Cirkevn\u00fd de\u0148 Lu\u017eice. Z\u00fa\u010dastnilo sa ho do\u00a0dve tis\u00edc \u00fa\u010dastn\u00edkov. T\u00e9mou podujatia boli slov\u00e1 proroka Ezechiela o spusto\u0161enom kraji, ktor\u00fd sa premen\u00ed na Eden. Aj lu\u017eick\u00fd kraj je spusto\u0161en\u00fd. Je to oblas\u0165 ban\u00edcka, bane zatvorili, kraj pustne , ml\u00e1de\u017e odch\u00e1dza. Na programe d\u0148a boli predn\u00e1\u0161ky, otv\u00e1racie a z\u00e1vere\u010dn\u00e9 slu\u017eby Bo\u017eie , tvoriv\u00e9 dielne, koncerty. Osobitn\u00fdm o\u017eiven\u00edm bola pr\u00edtomnos\u0165 sto\u010dlennej deleg\u00e1cie Evanjelickej cirkvi z Po\u013eska, z diec\u00e9zy Wroclaw na \u010dele s biskupom Waldemarom Pytlom. S\u00fa\u010das\u0165ou boli aj dva zbory.<\/p>\n<p>(www.luteranie.pl)<\/p>\n","protected":false},"excerpt":{"rendered":"<p>V sobotu 4. j\u00fala 2015 sa v meste Cottbus konal Cirkevn\u00fd de\u0148 Lu\u017eice. Z\u00fa\u010dastnilo sa ho do\u00a0dve tis\u00edc \u00fa\u010dastn\u00edkov. T\u00e9mou podujatia boli slov\u00e1 proroka Ezechiela o spusto\u0161enom kraji, ktor\u00fd sa premen\u00ed na Eden. Aj lu\u017eick\u00fd kraj je spusto\u0161en\u00fd. Je to oblas\u0165 ban\u00edcka, bane zatvorili, kraj pustne , ml\u00e1de\u017e odch\u00e1dza. Na programe d\u0148a boli predn\u00e1\u0161ky, otv\u00e1racie &#8230; <a title=\"Cirkevn\u00fd de\u0148 Lu\u017eick\u00fdch Srbov v meste Cottbus\" class=\"read-more\" href=\"https:\/\/www.e-anjelik.sk\/index.php\/2015\/07\/14\/cirkevny-den-luzickych-srbov-v-meste-cottbus\/\" aria-label=\"Pre\u010d\u00edtajte si viac o Cirkevn\u00fd de\u0148 Lu\u017eick\u00fdch Srbov v meste Cottbus\">\u010c\u00edta\u0165 viac<\/a><\/p>\n","protected":false},"author":2,"featured_media":0,"comment_status":"open","ping_status":"open","sticky":false,"template":"","format":"standard","meta":{"footnotes":""},"categories":[1],"tags":[],"class_list":["post-28711","post","type-post","status-publish","format-standard","hentry","category-adventna-modlitba"],"_links":{"self":[{"href":"https:\/\/www.e-anjelik.sk\/index.php\/wp-json\/wp\/v2\/posts\/28711","targetHints":{"allow":["GET"]}}],"collection":[{"href":"https:\/\/www.e-anjelik.sk\/index.php\/wp-json\/wp\/v2\/posts"}],"about":[{"href":"https:\/\/www.e-anjelik.sk\/index.php\/wp-json\/wp\/v2\/types\/post"}],"author":[{"embeddable":true,"href":"https:\/\/www.e-anjelik.sk\/index.php\/wp-json\/wp\/v2\/users\/2"}],"replies":[{"embeddable":true,"href":"https:\/\/www.e-anjelik.sk\/index.php\/wp-json\/wp\/v2\/comments?post=28711"}],"version-history":[{"count":0,"href":"https:\/\/www.e-anjelik.sk\/index.php\/wp-json\/wp\/v2\/posts\/28711\/revisions"}],"wp:attachment":[{"href":"https:\/\/www.e-anjelik.sk\/index.php\/wp-json\/wp\/v2\/media?parent=28711"}],"wp:term":[{"taxonomy":"category","embeddable":true,"href":"https:\/\/www.e-anjelik.sk\/index.php\/wp-json\/wp\/v2\/categories?post=28711"},{"taxonomy":"post_tag","embeddable":true,"href":"https:\/\/www.e-anjelik.sk\/index.php\/wp-json\/wp\/v2\/tags?post=28711"}],"curies":[{"name":"wp","href":"https:\/\/api.w.org\/{rel}","templated":true}]}}