{"id":28713,"date":"2015-07-14T09:10:03","date_gmt":"2015-07-14T07:10:03","guid":{"rendered":"http:\/\/www.evanjelik.sk\/?p=28713"},"modified":"2015-07-14T09:10:03","modified_gmt":"2015-07-14T07:10:03","slug":"konferencia-mladeze-v-rige","status":"publish","type":"post","link":"https:\/\/www.e-anjelik.sk\/index.php\/2015\/07\/14\/konferencia-mladeze-v-rige\/","title":{"rendered":"Konferencia ml\u00e1de\u017ee v Rige"},"content":{"rendered":"<p>Od 29. j\u00fana do 3. j\u00fala 2015 sa v hlavnom meste Loty\u0161ska Riga konala konferencia zdru\u017eenia Corpus Christus (Kristovo telo), \u010do je organiz\u00e1cia konfesijnej luter\u00e1nskej ml\u00e1de\u017ee a prebudeneck\u00fdch hnut\u00ed severoeur\u00f3pskych kraj\u00edn. Asi sto pr\u00edtomn\u00fdch pracovalo pod t\u00e9mou &#8222;Concordia &#8211; one heart&#8220; (Svornos\u0165 &#8211; jedno srdce). Hlavn\u00fdm referuj\u00facim bol mision\u00e1r Jacob Corzine z Pretorie, Ju\u017en\u00e1 Afrika.<\/p>\n<p>(www.selk.de)<\/p>\n","protected":false},"excerpt":{"rendered":"<p>Od 29. j\u00fana do 3. j\u00fala 2015 sa v hlavnom meste Loty\u0161ska Riga konala konferencia zdru\u017eenia Corpus Christus (Kristovo telo), \u010do je organiz\u00e1cia konfesijnej luter\u00e1nskej ml\u00e1de\u017ee a prebudeneck\u00fdch hnut\u00ed severoeur\u00f3pskych kraj\u00edn. Asi sto pr\u00edtomn\u00fdch pracovalo pod t\u00e9mou &#8222;Concordia &#8211; one heart&#8220; (Svornos\u0165 &#8211; jedno srdce). Hlavn\u00fdm referuj\u00facim bol mision\u00e1r Jacob Corzine z Pretorie, Ju\u017en\u00e1 Afrika. &#8230; <a title=\"Konferencia ml\u00e1de\u017ee v Rige\" class=\"read-more\" href=\"https:\/\/www.e-anjelik.sk\/index.php\/2015\/07\/14\/konferencia-mladeze-v-rige\/\" aria-label=\"Pre\u010d\u00edtajte si viac o Konferencia ml\u00e1de\u017ee v Rige\">\u010c\u00edta\u0165 viac<\/a><\/p>\n","protected":false},"author":2,"featured_media":0,"comment_status":"open","ping_status":"open","sticky":false,"template":"","format":"standard","meta":{"footnotes":""},"categories":[1],"tags":[],"class_list":["post-28713","post","type-post","status-publish","format-standard","hentry","category-adventna-modlitba"],"_links":{"self":[{"href":"https:\/\/www.e-anjelik.sk\/index.php\/wp-json\/wp\/v2\/posts\/28713","targetHints":{"allow":["GET"]}}],"collection":[{"href":"https:\/\/www.e-anjelik.sk\/index.php\/wp-json\/wp\/v2\/posts"}],"about":[{"href":"https:\/\/www.e-anjelik.sk\/index.php\/wp-json\/wp\/v2\/types\/post"}],"author":[{"embeddable":true,"href":"https:\/\/www.e-anjelik.sk\/index.php\/wp-json\/wp\/v2\/users\/2"}],"replies":[{"embeddable":true,"href":"https:\/\/www.e-anjelik.sk\/index.php\/wp-json\/wp\/v2\/comments?post=28713"}],"version-history":[{"count":0,"href":"https:\/\/www.e-anjelik.sk\/index.php\/wp-json\/wp\/v2\/posts\/28713\/revisions"}],"wp:attachment":[{"href":"https:\/\/www.e-anjelik.sk\/index.php\/wp-json\/wp\/v2\/media?parent=28713"}],"wp:term":[{"taxonomy":"category","embeddable":true,"href":"https:\/\/www.e-anjelik.sk\/index.php\/wp-json\/wp\/v2\/categories?post=28713"},{"taxonomy":"post_tag","embeddable":true,"href":"https:\/\/www.e-anjelik.sk\/index.php\/wp-json\/wp\/v2\/tags?post=28713"}],"curies":[{"name":"wp","href":"https:\/\/api.w.org\/{rel}","templated":true}]}}