{"id":2873,"date":"2010-06-02T12:16:20","date_gmt":"2010-06-02T12:16:20","guid":{"rendered":"http:\/\/e-anjelik.sk\/?p=2873"},"modified":"2010-06-02T12:16:20","modified_gmt":"2010-06-02T12:16:20","slug":"modlitby-za-svedsko","status":"publish","type":"post","link":"https:\/\/www.e-anjelik.sk\/index.php\/2010\/06\/02\/modlitby-za-svedsko\/","title":{"rendered":"Modlitby za \u0160v\u00e9dsko"},"content":{"rendered":"<p>6. j&uacute;n je vo &Scaron;v&eacute;dsku ka\u017ed&yacute; rok sviatkom. Je to N&aacute;rodn&yacute; de\u0148 &Scaron;v&eacute;dska. Spo\u010diatku sa zakladal na oslavu n&aacute;stupu Gustava Vasu za kr&aacute;\u013ea v r. 1523, nesk&ocirc;r ako De\u0148 z&aacute;stavy. V ten de\u0148 sa vzd&aacute;va &uacute;cta &scaron;t&aacute;tnej vlajke, organizuj&uacute; sa zhroma\u017edenia, koncerty. Kres\u0165ansk&eacute; ekumenick&eacute; organiz&aacute;cie vo &Scaron;v&eacute;dsku u\u017e nieko\u013eko rokov organizuj&uacute; v tento de\u0148 modlitby za &Scaron;v&eacute;dsko a jeho \u013eud. Tento rok sa organiz&aacute;torom registrovalo okolo 70 miest po celom kr&aacute;\u013eovstve, kde sa z&iacute;du pri modlitb&aacute;ch kres\u0165ania r&ocirc;zneho vyznania. K modlitb&aacute;m vyzvala osobitn&yacute;m listom Kres\u0165ansk&uacute; radu cirkv&iacute; vo &Scaron;v&eacute;dsku pri jej v&yacute;ro\u010dnom zasadnut&iacute; v Soedert&auml;lje&nbsp;aj kr&aacute;\u013eovn&aacute; Silvia. Povzbudzuje kres\u0165anov modli\u0165 sa za vlas\u0165, jej \u013eud, ale aj za kr&aacute;\u013eovsk&yacute;ch novoman\u017eelov Vikt&oacute;riu a Daniela.<\/p>\n<p>(<a href=\"http:\/\/www.kyrkanstidning.com\">www.kyrkanstidning.com<\/a>)<\/p>\n","protected":false},"excerpt":{"rendered":"<p>6. j&uacute;n je vo &Scaron;v&eacute;dsku ka\u017ed&yacute; rok sviatkom. Je to N&aacute;rodn&yacute; de\u0148 &Scaron;v&eacute;dska. Spo\u010diatku sa zakladal na oslavu n&aacute;stupu Gustava Vasu za kr&aacute;\u013ea v r. 1523, nesk&ocirc;r ako De\u0148 z&aacute;stavy. V ten de\u0148 sa vzd&aacute;va &uacute;cta &scaron;t&aacute;tnej vlajke, organizuj&uacute; sa zhroma\u017edenia, koncerty. Kres\u0165ansk&eacute; ekumenick&eacute; organiz&aacute;cie vo &Scaron;v&eacute;dsku u\u017e nieko\u013eko rokov organizuj&uacute; v tento de\u0148 modlitby &#8230; <a title=\"Modlitby za \u0160v\u00e9dsko\" class=\"read-more\" href=\"https:\/\/www.e-anjelik.sk\/index.php\/2010\/06\/02\/modlitby-za-svedsko\/\" aria-label=\"Pre\u010d\u00edtajte si viac o Modlitby za \u0160v\u00e9dsko\">\u010c\u00edta\u0165 viac<\/a><\/p>\n","protected":false},"author":22,"featured_media":0,"comment_status":"open","ping_status":"open","sticky":false,"template":"","format":"standard","meta":{"footnotes":""},"categories":[42,10],"tags":[],"class_list":["post-2873","post","type-post","status-publish","format-standard","hentry","category-skandinavia","category-zo-sveta"],"_links":{"self":[{"href":"https:\/\/www.e-anjelik.sk\/index.php\/wp-json\/wp\/v2\/posts\/2873","targetHints":{"allow":["GET"]}}],"collection":[{"href":"https:\/\/www.e-anjelik.sk\/index.php\/wp-json\/wp\/v2\/posts"}],"about":[{"href":"https:\/\/www.e-anjelik.sk\/index.php\/wp-json\/wp\/v2\/types\/post"}],"author":[{"embeddable":true,"href":"https:\/\/www.e-anjelik.sk\/index.php\/wp-json\/wp\/v2\/users\/22"}],"replies":[{"embeddable":true,"href":"https:\/\/www.e-anjelik.sk\/index.php\/wp-json\/wp\/v2\/comments?post=2873"}],"version-history":[{"count":0,"href":"https:\/\/www.e-anjelik.sk\/index.php\/wp-json\/wp\/v2\/posts\/2873\/revisions"}],"wp:attachment":[{"href":"https:\/\/www.e-anjelik.sk\/index.php\/wp-json\/wp\/v2\/media?parent=2873"}],"wp:term":[{"taxonomy":"category","embeddable":true,"href":"https:\/\/www.e-anjelik.sk\/index.php\/wp-json\/wp\/v2\/categories?post=2873"},{"taxonomy":"post_tag","embeddable":true,"href":"https:\/\/www.e-anjelik.sk\/index.php\/wp-json\/wp\/v2\/tags?post=2873"}],"curies":[{"name":"wp","href":"https:\/\/api.w.org\/{rel}","templated":true}]}}