{"id":28739,"date":"2015-07-21T10:50:44","date_gmt":"2015-07-21T08:50:44","guid":{"rendered":"http:\/\/www.evanjelik.sk\/?p=28739"},"modified":"2015-07-21T10:50:44","modified_gmt":"2015-07-21T08:50:44","slug":"laicki-kazatelia-vo-wuerttemberskej-ev-cirkvi","status":"publish","type":"post","link":"https:\/\/www.e-anjelik.sk\/index.php\/2015\/07\/21\/laicki-kazatelia-vo-wuerttemberskej-ev-cirkvi\/","title":{"rendered":"Laick\u00ed kazatelia vo Wuerttemberskej ev. cirkvi"},"content":{"rendered":"<p>St\u00e1le viac bohoslu\u017eieb v Evanjelickej krajinskej cirkvi vo Wuerttembersku vykon\u00e1vaj\u00fa neordinovan\u00ed kazatelia, tzv. predikanti. Vlani bolo tak\u00fdchto bohoslu\u017eieb takmer 11 tis\u00edc. Aj po\u010det tak\u00fdchto sl\u00fa\u017eiacich kazate\u013eov bez teologick\u00e9ho vzdelania narast\u00e1. Vlani to bolo 864, z toho 318 \u017eien. Ka\u017ed\u00fd rok sa rozhodne pre vzdel\u00e1vanie pre t\u00fato slu\u017ebu v cirkvi 40 os\u00f4b, ktor\u00ed pracuj\u00fa v inom zamestnan\u00ed alebo s\u00fa u\u017e na d\u00f4chodku. Neordinovan\u00ed kazatelia ako dobrovo\u013en\u00edci (neplaten\u00ed) vykonaj\u00fa v priemere jednu bohoslu\u017ebu v mesiaci. Predikantov m\u00e1 na starosti po odbornej str\u00e1nke tzv. far\u00e1r pre predikantov Hartmut Mildenberger zo \u0160tuttgartu, ktor\u00fd poskytol aj tieto \u00fadaje.<\/p>\n<p>(www.elk-wue.de)<\/p>\n<p>&nbsp;<\/p>\n","protected":false},"excerpt":{"rendered":"<p>St\u00e1le viac bohoslu\u017eieb v Evanjelickej krajinskej cirkvi vo Wuerttembersku vykon\u00e1vaj\u00fa neordinovan\u00ed kazatelia, tzv. predikanti. Vlani bolo tak\u00fdchto bohoslu\u017eieb takmer 11 tis\u00edc. Aj po\u010det tak\u00fdchto sl\u00fa\u017eiacich kazate\u013eov bez teologick\u00e9ho vzdelania narast\u00e1. Vlani to bolo 864, z toho 318 \u017eien. Ka\u017ed\u00fd rok sa rozhodne pre vzdel\u00e1vanie pre t\u00fato slu\u017ebu v cirkvi 40 os\u00f4b, ktor\u00ed pracuj\u00fa v inom &#8230; <a title=\"Laick\u00ed kazatelia vo Wuerttemberskej ev. cirkvi\" class=\"read-more\" href=\"https:\/\/www.e-anjelik.sk\/index.php\/2015\/07\/21\/laicki-kazatelia-vo-wuerttemberskej-ev-cirkvi\/\" aria-label=\"Pre\u010d\u00edtajte si viac o Laick\u00ed kazatelia vo Wuerttemberskej ev. cirkvi\">\u010c\u00edta\u0165 viac<\/a><\/p>\n","protected":false},"author":2,"featured_media":0,"comment_status":"open","ping_status":"open","sticky":false,"template":"","format":"standard","meta":{"footnotes":""},"categories":[1],"tags":[],"class_list":["post-28739","post","type-post","status-publish","format-standard","hentry","category-adventna-modlitba"],"_links":{"self":[{"href":"https:\/\/www.e-anjelik.sk\/index.php\/wp-json\/wp\/v2\/posts\/28739","targetHints":{"allow":["GET"]}}],"collection":[{"href":"https:\/\/www.e-anjelik.sk\/index.php\/wp-json\/wp\/v2\/posts"}],"about":[{"href":"https:\/\/www.e-anjelik.sk\/index.php\/wp-json\/wp\/v2\/types\/post"}],"author":[{"embeddable":true,"href":"https:\/\/www.e-anjelik.sk\/index.php\/wp-json\/wp\/v2\/users\/2"}],"replies":[{"embeddable":true,"href":"https:\/\/www.e-anjelik.sk\/index.php\/wp-json\/wp\/v2\/comments?post=28739"}],"version-history":[{"count":0,"href":"https:\/\/www.e-anjelik.sk\/index.php\/wp-json\/wp\/v2\/posts\/28739\/revisions"}],"wp:attachment":[{"href":"https:\/\/www.e-anjelik.sk\/index.php\/wp-json\/wp\/v2\/media?parent=28739"}],"wp:term":[{"taxonomy":"category","embeddable":true,"href":"https:\/\/www.e-anjelik.sk\/index.php\/wp-json\/wp\/v2\/categories?post=28739"},{"taxonomy":"post_tag","embeddable":true,"href":"https:\/\/www.e-anjelik.sk\/index.php\/wp-json\/wp\/v2\/tags?post=28739"}],"curies":[{"name":"wp","href":"https:\/\/api.w.org\/{rel}","templated":true}]}}