{"id":2874,"date":"2010-06-02T12:29:06","date_gmt":"2010-06-02T12:29:06","guid":{"rendered":"http:\/\/e-anjelik.sk\/?p=2874"},"modified":"2010-06-02T12:29:06","modified_gmt":"2010-06-02T12:29:06","slug":"renovovany-organ-v-katedrale-pred-sobasom","status":"publish","type":"post","link":"https:\/\/www.e-anjelik.sk\/index.php\/2010\/06\/02\/renovovany-organ-v-katedrale-pred-sobasom\/","title":{"rendered":"Renovovan\u00fd organ v katedr\u00e1le pred sob\u00e1\u0161om"},"content":{"rendered":"<p>Minul&uacute; nede\u013eu odvovzdali dva t&yacute;\u017edne pred sob&aacute;&scaron;om do u\u017e&iacute;vania renovovan&yacute; organ v katedr&aacute;le v &Scaron;tokholme. Ako sme u\u017e informovali, katedr&aacute;la bola po\u010das troch mesiacov zavret&aacute; pre renov&aacute;ciu a \u010distenie. Tento \u010das vyu\u017eili aj na renov&aacute;ciu organa z roku 1960. Niektor&eacute; p&iacute;&scaron;\u0165aly prte\u010distli, in&eacute; &uacute;plne vymenili. Organ m&aacute; k dispoz&iacute;cii celkom asi 3500 p&iacute;&scaron;\u0165al. T&aacute;to renov&aacute;cia st&aacute;la 259 tis&iacute;c &scaron;v. kor&uacute;n bez dane. Organistom v katedr&aacute;le je Mattias Wager, ktor&yacute; posl&uacute;\u017ei hrou i pri kr&aacute;\u013eovskom sob&aacute;&scaron;i 19. j&uacute;na.<\/p>\n<p>(<a href=\"http:\/\/www.kyrkanstidning.com\">www.kyrkanstidning.com<\/a>)<\/p>\n","protected":false},"excerpt":{"rendered":"<p>Minul&uacute; nede\u013eu odvovzdali dva t&yacute;\u017edne pred sob&aacute;&scaron;om do u\u017e&iacute;vania renovovan&yacute; organ v katedr&aacute;le v &Scaron;tokholme. Ako sme u\u017e informovali, katedr&aacute;la bola po\u010das troch mesiacov zavret&aacute; pre renov&aacute;ciu a \u010distenie. Tento \u010das vyu\u017eili aj na renov&aacute;ciu organa z roku 1960. Niektor&eacute; p&iacute;&scaron;\u0165aly prte\u010distli, in&eacute; &uacute;plne vymenili. Organ m&aacute; k dispoz&iacute;cii celkom asi 3500 p&iacute;&scaron;\u0165al. T&aacute;to renov&aacute;cia &#8230; <a title=\"Renovovan\u00fd organ v katedr\u00e1le pred sob\u00e1\u0161om\" class=\"read-more\" href=\"https:\/\/www.e-anjelik.sk\/index.php\/2010\/06\/02\/renovovany-organ-v-katedrale-pred-sobasom\/\" aria-label=\"Pre\u010d\u00edtajte si viac o Renovovan\u00fd organ v katedr\u00e1le pred sob\u00e1\u0161om\">\u010c\u00edta\u0165 viac<\/a><\/p>\n","protected":false},"author":22,"featured_media":0,"comment_status":"open","ping_status":"open","sticky":false,"template":"","format":"standard","meta":{"footnotes":""},"categories":[42,10],"tags":[],"class_list":["post-2874","post","type-post","status-publish","format-standard","hentry","category-skandinavia","category-zo-sveta"],"_links":{"self":[{"href":"https:\/\/www.e-anjelik.sk\/index.php\/wp-json\/wp\/v2\/posts\/2874","targetHints":{"allow":["GET"]}}],"collection":[{"href":"https:\/\/www.e-anjelik.sk\/index.php\/wp-json\/wp\/v2\/posts"}],"about":[{"href":"https:\/\/www.e-anjelik.sk\/index.php\/wp-json\/wp\/v2\/types\/post"}],"author":[{"embeddable":true,"href":"https:\/\/www.e-anjelik.sk\/index.php\/wp-json\/wp\/v2\/users\/22"}],"replies":[{"embeddable":true,"href":"https:\/\/www.e-anjelik.sk\/index.php\/wp-json\/wp\/v2\/comments?post=2874"}],"version-history":[{"count":0,"href":"https:\/\/www.e-anjelik.sk\/index.php\/wp-json\/wp\/v2\/posts\/2874\/revisions"}],"wp:attachment":[{"href":"https:\/\/www.e-anjelik.sk\/index.php\/wp-json\/wp\/v2\/media?parent=2874"}],"wp:term":[{"taxonomy":"category","embeddable":true,"href":"https:\/\/www.e-anjelik.sk\/index.php\/wp-json\/wp\/v2\/categories?post=2874"},{"taxonomy":"post_tag","embeddable":true,"href":"https:\/\/www.e-anjelik.sk\/index.php\/wp-json\/wp\/v2\/tags?post=2874"}],"curies":[{"name":"wp","href":"https:\/\/api.w.org\/{rel}","templated":true}]}}