{"id":28741,"date":"2015-07-21T11:09:09","date_gmt":"2015-07-21T09:09:09","guid":{"rendered":"http:\/\/www.evanjelik.sk\/?p=28741"},"modified":"2015-07-21T11:09:09","modified_gmt":"2015-07-21T09:09:09","slug":"pastorizacia-dovolenkarov-z-nemecka","status":"publish","type":"post","link":"https:\/\/www.e-anjelik.sk\/index.php\/2015\/07\/21\/pastorizacia-dovolenkarov-z-nemecka\/","title":{"rendered":"Pastoriz\u00e1cia dovolenk\u00e1rov z Nemecka"},"content":{"rendered":"<p>Aj tohto roku po\u010das leta bud\u00fa sask\u00ed far\u00e1ri kona\u0165 pastoriz\u00e1ciu dovolenk\u00e1rov v zahrani\u010d\u00ed. Tri t\u00fd\u017edne pom\u00e1haj\u00fa tamoj\u0161\u00edm cirkevn\u00fdm zborom. Konaj\u00fa po nemecky bohoslu\u017eby, biblick\u00e9 hodiny a ved\u00fa pastor\u00e1lne rozhovory. Toho roku id\u00fa sask\u00ed far\u00e1ri do Rak\u00faska, Talianska a do Ruska. T\u00fato pr\u00e1cu organizuje EKD. V tomto roku vy\u0161le do zahrani\u010dia spolu 150 far\u00e1riek a far\u00e1rov do eur\u00f3pskych kraj\u00edn.\u00a0 Aj vn\u00fatri Nemecka jestvuje pastoriz\u00e1cia dovolenk\u00e1rov v zauj\u00edmav\u00fdch a najviac nav\u0161tevovan\u00fdch destin\u00e1ci\u00e1ch a k\u00fape\u013eoch. Krajinsk\u00e9 cirkvi si vz\u00e1jomne vymie\u0148aj\u00fa duchovn\u00fdch, pritom oby\u010dajne far\u00e1ri b\u00fdvaj\u00fa na fare svojho kolegu.<\/p>\n<p>(www.evlks.de)<\/p>\n","protected":false},"excerpt":{"rendered":"<p>Aj tohto roku po\u010das leta bud\u00fa sask\u00ed far\u00e1ri kona\u0165 pastoriz\u00e1ciu dovolenk\u00e1rov v zahrani\u010d\u00ed. Tri t\u00fd\u017edne pom\u00e1haj\u00fa tamoj\u0161\u00edm cirkevn\u00fdm zborom. Konaj\u00fa po nemecky bohoslu\u017eby, biblick\u00e9 hodiny a ved\u00fa pastor\u00e1lne rozhovory. Toho roku id\u00fa sask\u00ed far\u00e1ri do Rak\u00faska, Talianska a do Ruska. T\u00fato pr\u00e1cu organizuje EKD. V tomto roku vy\u0161le do zahrani\u010dia spolu 150 far\u00e1riek a far\u00e1rov &#8230; <a title=\"Pastoriz\u00e1cia dovolenk\u00e1rov z Nemecka\" class=\"read-more\" href=\"https:\/\/www.e-anjelik.sk\/index.php\/2015\/07\/21\/pastorizacia-dovolenkarov-z-nemecka\/\" aria-label=\"Pre\u010d\u00edtajte si viac o Pastoriz\u00e1cia dovolenk\u00e1rov z Nemecka\">\u010c\u00edta\u0165 viac<\/a><\/p>\n","protected":false},"author":2,"featured_media":0,"comment_status":"open","ping_status":"open","sticky":false,"template":"","format":"standard","meta":{"footnotes":""},"categories":[1],"tags":[],"class_list":["post-28741","post","type-post","status-publish","format-standard","hentry","category-adventna-modlitba"],"_links":{"self":[{"href":"https:\/\/www.e-anjelik.sk\/index.php\/wp-json\/wp\/v2\/posts\/28741","targetHints":{"allow":["GET"]}}],"collection":[{"href":"https:\/\/www.e-anjelik.sk\/index.php\/wp-json\/wp\/v2\/posts"}],"about":[{"href":"https:\/\/www.e-anjelik.sk\/index.php\/wp-json\/wp\/v2\/types\/post"}],"author":[{"embeddable":true,"href":"https:\/\/www.e-anjelik.sk\/index.php\/wp-json\/wp\/v2\/users\/2"}],"replies":[{"embeddable":true,"href":"https:\/\/www.e-anjelik.sk\/index.php\/wp-json\/wp\/v2\/comments?post=28741"}],"version-history":[{"count":0,"href":"https:\/\/www.e-anjelik.sk\/index.php\/wp-json\/wp\/v2\/posts\/28741\/revisions"}],"wp:attachment":[{"href":"https:\/\/www.e-anjelik.sk\/index.php\/wp-json\/wp\/v2\/media?parent=28741"}],"wp:term":[{"taxonomy":"category","embeddable":true,"href":"https:\/\/www.e-anjelik.sk\/index.php\/wp-json\/wp\/v2\/categories?post=28741"},{"taxonomy":"post_tag","embeddable":true,"href":"https:\/\/www.e-anjelik.sk\/index.php\/wp-json\/wp\/v2\/tags?post=28741"}],"curies":[{"name":"wp","href":"https:\/\/api.w.org\/{rel}","templated":true}]}}