{"id":28757,"date":"2015-07-25T09:55:16","date_gmt":"2015-07-25T07:55:16","guid":{"rendered":"http:\/\/www.evanjelik.sk\/?p=28757"},"modified":"2015-07-25T09:55:16","modified_gmt":"2015-07-25T07:55:16","slug":"deti-z-ukrajiny-v-krelingen-nemecko","status":"publish","type":"post","link":"https:\/\/www.e-anjelik.sk\/index.php\/2015\/07\/25\/deti-z-ukrajiny-v-krelingen-nemecko\/","title":{"rendered":"Deti z Ukrajiny v Krelingen, Nemecko"},"content":{"rendered":"<p>Od 16. do 28. augusta t.r. pr\u00edde do duchovn\u00e9ho strediska v Krelingen 50 det\u00ed z Ukrajiny. Ide o deti zo soci\u00e1lne slab\u00fdch rod\u00edn a dokonca o deti &#8211; siroty z domovov. Po\u010das pobytu sa deti bud\u00fa hra\u0165, \u0161portova\u0165, venova\u0165 ru\u010dn\u00fdm pr\u00e1cam a podnikn\u00fa v\u00fdlety do okolia. Deti maj\u00fa za\u017ei\u0165 rados\u0165 a z\u00edska\u0165 nov\u00e9 \u017eivotn\u00e9 istoty. Duchovn\u00e9 stredisko Krelingen m\u00e1 50 ro\u010dn\u00fa hist\u00f3riu. Ide o slobodn\u00e9 dielo (pr\u00e1cu) v r\u00e1mci Evanjelicko-luter\u00e1nskej cirkvi Hannoverska na teologickej b\u00e1ze evanjelickej aliancie.<\/p>\n<p>(www.landeskirche-hannovers.de)<\/p>\n","protected":false},"excerpt":{"rendered":"<p>Od 16. do 28. augusta t.r. pr\u00edde do duchovn\u00e9ho strediska v Krelingen 50 det\u00ed z Ukrajiny. Ide o deti zo soci\u00e1lne slab\u00fdch rod\u00edn a dokonca o deti &#8211; siroty z domovov. Po\u010das pobytu sa deti bud\u00fa hra\u0165, \u0161portova\u0165, venova\u0165 ru\u010dn\u00fdm pr\u00e1cam a podnikn\u00fa v\u00fdlety do okolia. Deti maj\u00fa za\u017ei\u0165 rados\u0165 a z\u00edska\u0165 nov\u00e9 \u017eivotn\u00e9 istoty. &#8230; <a title=\"Deti z Ukrajiny v Krelingen, Nemecko\" class=\"read-more\" href=\"https:\/\/www.e-anjelik.sk\/index.php\/2015\/07\/25\/deti-z-ukrajiny-v-krelingen-nemecko\/\" aria-label=\"Pre\u010d\u00edtajte si viac o Deti z Ukrajiny v Krelingen, Nemecko\">\u010c\u00edta\u0165 viac<\/a><\/p>\n","protected":false},"author":2,"featured_media":0,"comment_status":"open","ping_status":"open","sticky":false,"template":"","format":"standard","meta":{"footnotes":""},"categories":[1],"tags":[],"class_list":["post-28757","post","type-post","status-publish","format-standard","hentry","category-adventna-modlitba"],"_links":{"self":[{"href":"https:\/\/www.e-anjelik.sk\/index.php\/wp-json\/wp\/v2\/posts\/28757","targetHints":{"allow":["GET"]}}],"collection":[{"href":"https:\/\/www.e-anjelik.sk\/index.php\/wp-json\/wp\/v2\/posts"}],"about":[{"href":"https:\/\/www.e-anjelik.sk\/index.php\/wp-json\/wp\/v2\/types\/post"}],"author":[{"embeddable":true,"href":"https:\/\/www.e-anjelik.sk\/index.php\/wp-json\/wp\/v2\/users\/2"}],"replies":[{"embeddable":true,"href":"https:\/\/www.e-anjelik.sk\/index.php\/wp-json\/wp\/v2\/comments?post=28757"}],"version-history":[{"count":0,"href":"https:\/\/www.e-anjelik.sk\/index.php\/wp-json\/wp\/v2\/posts\/28757\/revisions"}],"wp:attachment":[{"href":"https:\/\/www.e-anjelik.sk\/index.php\/wp-json\/wp\/v2\/media?parent=28757"}],"wp:term":[{"taxonomy":"category","embeddable":true,"href":"https:\/\/www.e-anjelik.sk\/index.php\/wp-json\/wp\/v2\/categories?post=28757"},{"taxonomy":"post_tag","embeddable":true,"href":"https:\/\/www.e-anjelik.sk\/index.php\/wp-json\/wp\/v2\/tags?post=28757"}],"curies":[{"name":"wp","href":"https:\/\/api.w.org\/{rel}","templated":true}]}}