{"id":28759,"date":"2015-07-25T10:26:36","date_gmt":"2015-07-25T08:26:36","guid":{"rendered":"http:\/\/www.evanjelik.sk\/?p=28759"},"modified":"2015-07-25T10:26:36","modified_gmt":"2015-07-25T08:26:36","slug":"dialog-o-ordinacii-zien-v-lca","status":"publish","type":"post","link":"https:\/\/www.e-anjelik.sk\/index.php\/2015\/07\/25\/dialog-o-ordinacii-zien-v-lca\/","title":{"rendered":"Dial\u00f3g o ordin\u00e1cii \u017eien v LCA"},"content":{"rendered":"<p>Od 7. do 9. j\u00fala t.r. sa v cirkevnom zbore Hahndorf, \u0161t\u00e1t Ju\u017en\u00e1 Austr\u00e1lia, konala gener\u00e1lna konferencia pastorov Luter\u00e1nskej cirkvi Austr\u00e1lie (LCA). Z\u00fa\u010dastnilo sa jej 280 pastorov tejto cirkvi. Tohoro\u010dnou t\u00e9mou po prv\u00fd raz v hist\u00f3rii bola ordin\u00e1cia \u017eien v cirkvi. Be\u017ene tento org\u00e1n zasad\u00e1 tesne pred gener\u00e1lnou synodou, ale teraz m\u00e1 \u00a0nieko\u013eko mesiacov predstih. Gener\u00e1lna synoda bude zasada\u0165 od 29. septembra do 4. okt\u00f3bra. Je to z toho d\u00f4vodu, aby sa pred synodou viedla na t\u00fato t\u00e9mu diskusia. Aj na konferencii pastorov sa diskutovalo a po\u010d\u00favalo, ale nehlasovalo. Ako je zn\u00e1me, LCA doteraz neordinuje \u017eeny. Je pova\u017eovan\u00e1 za mierne konzervat\u00edvnu cirkev. Je \u010dlenkou konzervat\u00edvnych cirkv\u00ed v ILC &#8211; International Lutheran Council, ale od r. 1994 s\u00fa\u010dasne je aj v SLZ. M\u00e1 73.268 \u010dlenov, 605 zborov a 323 akt\u00edvnych far\u00e1rov.<\/p>\n<p>(www.lca.org.au) (www.ilc-online.org) (www.lutheranworld.org)<\/p>\n","protected":false},"excerpt":{"rendered":"<p>Od 7. do 9. j\u00fala t.r. sa v cirkevnom zbore Hahndorf, \u0161t\u00e1t Ju\u017en\u00e1 Austr\u00e1lia, konala gener\u00e1lna konferencia pastorov Luter\u00e1nskej cirkvi Austr\u00e1lie (LCA). Z\u00fa\u010dastnilo sa jej 280 pastorov tejto cirkvi. Tohoro\u010dnou t\u00e9mou po prv\u00fd raz v hist\u00f3rii bola ordin\u00e1cia \u017eien v cirkvi. Be\u017ene tento org\u00e1n zasad\u00e1 tesne pred gener\u00e1lnou synodou, ale teraz m\u00e1 \u00a0nieko\u013eko mesiacov predstih. &#8230; <a title=\"Dial\u00f3g o ordin\u00e1cii \u017eien v LCA\" class=\"read-more\" href=\"https:\/\/www.e-anjelik.sk\/index.php\/2015\/07\/25\/dialog-o-ordinacii-zien-v-lca\/\" aria-label=\"Pre\u010d\u00edtajte si viac o Dial\u00f3g o ordin\u00e1cii \u017eien v LCA\">\u010c\u00edta\u0165 viac<\/a><\/p>\n","protected":false},"author":2,"featured_media":0,"comment_status":"open","ping_status":"open","sticky":false,"template":"","format":"standard","meta":{"footnotes":""},"categories":[1],"tags":[],"class_list":["post-28759","post","type-post","status-publish","format-standard","hentry","category-adventna-modlitba"],"_links":{"self":[{"href":"https:\/\/www.e-anjelik.sk\/index.php\/wp-json\/wp\/v2\/posts\/28759","targetHints":{"allow":["GET"]}}],"collection":[{"href":"https:\/\/www.e-anjelik.sk\/index.php\/wp-json\/wp\/v2\/posts"}],"about":[{"href":"https:\/\/www.e-anjelik.sk\/index.php\/wp-json\/wp\/v2\/types\/post"}],"author":[{"embeddable":true,"href":"https:\/\/www.e-anjelik.sk\/index.php\/wp-json\/wp\/v2\/users\/2"}],"replies":[{"embeddable":true,"href":"https:\/\/www.e-anjelik.sk\/index.php\/wp-json\/wp\/v2\/comments?post=28759"}],"version-history":[{"count":0,"href":"https:\/\/www.e-anjelik.sk\/index.php\/wp-json\/wp\/v2\/posts\/28759\/revisions"}],"wp:attachment":[{"href":"https:\/\/www.e-anjelik.sk\/index.php\/wp-json\/wp\/v2\/media?parent=28759"}],"wp:term":[{"taxonomy":"category","embeddable":true,"href":"https:\/\/www.e-anjelik.sk\/index.php\/wp-json\/wp\/v2\/categories?post=28759"},{"taxonomy":"post_tag","embeddable":true,"href":"https:\/\/www.e-anjelik.sk\/index.php\/wp-json\/wp\/v2\/tags?post=28759"}],"curies":[{"name":"wp","href":"https:\/\/api.w.org\/{rel}","templated":true}]}}