{"id":2877,"date":"2010-06-04T10:00:09","date_gmt":"2010-06-04T10:00:09","guid":{"rendered":"http:\/\/e-anjelik.sk\/?p=2877"},"modified":"2010-06-04T10:00:09","modified_gmt":"2010-06-04T10:00:09","slug":"irja-askola-prva-zena-biskupka-vo-finsku","status":"publish","type":"post","link":"https:\/\/www.e-anjelik.sk\/index.php\/2010\/06\/04\/irja-askola-prva-zena-biskupka-vo-finsku\/","title":{"rendered":"Irja Askola -prv\u00e1 \u017eena -biskupka vo F\u00ednsku"},"content":{"rendered":"<p>Vo &scaron;tvrtok 3.6.2010 sa konalo druh&eacute; kolo volieb biskupa helsinskej diec&eacute;zy. Tajomn&iacute;\u010dka diec&eacute;zy, magisterka teol&oacute;gie Irja Askola, nar. r. 1952, bola zvolen&aacute; za biskupku diec&eacute;zy. Z&iacute;skala 591 hlasov, k&yacute;m jej protikandid&aacute;t -dekan katedr&aacute;ly Matti Poutianen, nar. 1955, z&iacute;skal 567 hlasov. &Uacute;\u010das\u0165 na vo\u013eb&aacute;ch bola 93.2%. Hlasovalo 1244 os&ocirc;b. Askola sa ujme &uacute;radu 1.9.2010. Bude prvou \u017eenou -biskupkou v luter&aacute;nskej cirkvi vo F&iacute;nsku.Jej in&scaron;tal&aacute;cia bude v katedr&aacute;le v Helsink&aacute;ch 12. 9.2010. Titul magistra teol&oacute;gie z&iacute;skala roku 1975. Za k\u0148aza bola ordinovan&aacute; roku 1988. Jej domovsk&yacute;m zborom je f&iacute;nsky zbor Alphoejden v Helsink&aacute;ch. Pracovala ako diec&eacute;zna tajomn&iacute;\u010dka pri kapitule v diec&eacute;ze&nbsp;Esbo ako teologick&aacute; odborn&aacute; pracovn&iacute;\u010dka biskupa Mikko Heikkasa. V r. 1991 &#8211; 1999&nbsp;pracovala v Konferencii eur&oacute;pskych cirkv&iacute; v \u017deneve.<\/p>\n<p>(evl.fi)&nbsp;<\/p>\n","protected":false},"excerpt":{"rendered":"<p>Vo &scaron;tvrtok 3.6.2010 sa konalo druh&eacute; kolo volieb biskupa helsinskej diec&eacute;zy. Tajomn&iacute;\u010dka diec&eacute;zy, magisterka teol&oacute;gie Irja Askola, nar. r. 1952, bola zvolen&aacute; za biskupku diec&eacute;zy. Z&iacute;skala 591 hlasov, k&yacute;m jej protikandid&aacute;t -dekan katedr&aacute;ly Matti Poutianen, nar. 1955, z&iacute;skal 567 hlasov. &Uacute;\u010das\u0165 na vo\u013eb&aacute;ch bola 93.2%. Hlasovalo 1244 os&ocirc;b. Askola sa ujme &uacute;radu 1.9.2010. Bude prvou &#8230; <a title=\"Irja Askola -prv\u00e1 \u017eena -biskupka vo F\u00ednsku\" class=\"read-more\" href=\"https:\/\/www.e-anjelik.sk\/index.php\/2010\/06\/04\/irja-askola-prva-zena-biskupka-vo-finsku\/\" aria-label=\"Pre\u010d\u00edtajte si viac o Irja Askola -prv\u00e1 \u017eena -biskupka vo F\u00ednsku\">\u010c\u00edta\u0165 viac<\/a><\/p>\n","protected":false},"author":22,"featured_media":0,"comment_status":"open","ping_status":"open","sticky":false,"template":"","format":"standard","meta":{"footnotes":""},"categories":[9,10],"tags":[],"class_list":["post-2877","post","type-post","status-publish","format-standard","hentry","category-europa","category-zo-sveta"],"_links":{"self":[{"href":"https:\/\/www.e-anjelik.sk\/index.php\/wp-json\/wp\/v2\/posts\/2877","targetHints":{"allow":["GET"]}}],"collection":[{"href":"https:\/\/www.e-anjelik.sk\/index.php\/wp-json\/wp\/v2\/posts"}],"about":[{"href":"https:\/\/www.e-anjelik.sk\/index.php\/wp-json\/wp\/v2\/types\/post"}],"author":[{"embeddable":true,"href":"https:\/\/www.e-anjelik.sk\/index.php\/wp-json\/wp\/v2\/users\/22"}],"replies":[{"embeddable":true,"href":"https:\/\/www.e-anjelik.sk\/index.php\/wp-json\/wp\/v2\/comments?post=2877"}],"version-history":[{"count":0,"href":"https:\/\/www.e-anjelik.sk\/index.php\/wp-json\/wp\/v2\/posts\/2877\/revisions"}],"wp:attachment":[{"href":"https:\/\/www.e-anjelik.sk\/index.php\/wp-json\/wp\/v2\/media?parent=2877"}],"wp:term":[{"taxonomy":"category","embeddable":true,"href":"https:\/\/www.e-anjelik.sk\/index.php\/wp-json\/wp\/v2\/categories?post=2877"},{"taxonomy":"post_tag","embeddable":true,"href":"https:\/\/www.e-anjelik.sk\/index.php\/wp-json\/wp\/v2\/tags?post=2877"}],"curies":[{"name":"wp","href":"https:\/\/api.w.org\/{rel}","templated":true}]}}