{"id":28779,"date":"2015-07-28T12:35:02","date_gmt":"2015-07-28T10:35:02","guid":{"rendered":"http:\/\/www.evanjelik.sk\/?p=28779"},"modified":"2025-09-12T17:06:03","modified_gmt":"2025-09-12T15:06:03","slug":"jezis-jeho-matka-a-rodina","status":"publish","type":"post","link":"https:\/\/www.e-anjelik.sk\/index.php\/2015\/07\/28\/jezis-jeho-matka-a-rodina\/","title":{"rendered":"Je\u017ei\u0161, Jeho matka a rodina"},"content":{"rendered":"\n<p><strong>&nbsp;&nbsp;&nbsp;&nbsp;&nbsp;&nbsp;&nbsp;&nbsp;&nbsp;&nbsp;&nbsp;&nbsp;&nbsp;&nbsp;&nbsp;&nbsp;&nbsp;&nbsp;&nbsp;&nbsp;&nbsp;&nbsp;&nbsp;&nbsp;&nbsp;&nbsp;&nbsp;&nbsp;&nbsp;&nbsp;&nbsp;&nbsp;&nbsp;&nbsp; Je\u017ei\u0161, Jeho matka a&nbsp;rodina<\/strong><\/p>\n\n\n\n<p><strong>Mt 12, 46 \u2013 50:<\/strong><\/p>\n\n\n\n<p><em>\u201eKe\u010f e\u0161te hovoril k&nbsp;z\u00e1stupom, ajh\u013ea, Jeho matka a&nbsp;bratia st\u00e1li vonku a&nbsp;\u017eiadali si hovori\u0165 s&nbsp;N\u00edm. (47) I&nbsp;povedal mu ktosi: Ajh\u013ea, Tvoja matka a&nbsp;Tvoji bratia stoja vonku a&nbsp;\u017eiadaj\u00fa si hovori\u0165 s&nbsp;Tebou. (48) Ale On odvetil a&nbsp;povedal tomu, ktor\u00fd Mu to hovoril: Kto je moja matka? A&nbsp;kto s\u00fa moji bratia? (49) Uk\u00e1zal rukou na svojich u\u010den\u00edkov a&nbsp;riekol: Ajh\u013ea, moja matka a&nbsp;moji bratia.(50) Lebo ka\u017ed\u00fd, kto \u010din\u00ed v\u00f4\u013eu m\u00f4jho Otca, ktor\u00fd je v&nbsp;nebesiach, mi je bratom aj sestrou aj matkou\u201c. Amen<\/em><\/p>\n\n\n\n<p>Bohumil\u00ed kres\u0165ania, bratia a&nbsp;sestry v&nbsp;Kristu, P\u00e1novi!<\/p>\n\n\n\n<p>Ot\u00e1zky o&nbsp;podstate a&nbsp;\u00faloh\u00e1ch rodiny rezonuj\u00fa st\u00e1le \u010dastej\u0161ie v&nbsp;\u017eivote cirkvi i&nbsp;spolo\u010dnosti. Hovor\u00ed sa dokonca o&nbsp;kr\u00edze rodiny a&nbsp;pon\u00fakaj\u00fa sa r\u00f4zne cesty rie\u0161enia ohrozenej stability rod\u00edn. O&nbsp;mnoh\u00fdch z&nbsp;nich v\u0161ak mo\u017eno z&nbsp;n\u00e1\u0161ho kres\u0165ansk\u00e9ho poh\u013eadu poveda\u0165, \u017ee k&nbsp;preh\u013abeniu kr\u00edzy sk\u00f4r prispievaj\u00fa, ako k&nbsp;rie\u0161eniu probl\u00e9mov rodiny pom\u00e1haj\u00fa.<\/p>\n\n\n\n<p>Dne\u0161n\u00fd biblick\u00fd text n\u00e1m d\u00e1va mo\u017enos\u0165 nazrie\u0165 do rodiny samotn\u00e9ho Je\u017ei\u0161a Krista. Mo\u017eno s\u00edce poveda\u0165, \u017ee Jeho rodina bola jedine\u010dn\u00e1 a&nbsp;v\u00fdnimo\u010dn\u00e1. Ve\u010f On sa po\u010dal sa z&nbsp;Ducha Sv\u00e4t\u00e9ho a&nbsp;narodil sa z&nbsp;M\u00e1rie panny. Pri\u0161iel na svet teda ako prav\u00fd Boh a&nbsp;prav\u00fd \u010dlovek. Predsa v\u0161ak dostal aj legit\u00edmneho a&nbsp;z\u00e1konn\u00e9ho pozemsk\u00e9ho otca, ktor\u00fdm sa stal Jozef z Nazaretu, o&nbsp;ktorom vieme, \u017ee bol mu\u017e spravodliv\u00fd, zbo\u017en\u00fd a&nbsp;Bohu poslu\u0161n\u00fd. To iste mnoho znamenalo. Jozef posl\u00fachol Bo\u017e\u00ed hlas, ktor\u00fd ho povzbudil, aby sa neb\u00e1l prija\u0165 M\u00e1riu za man\u017eelku a&nbsp;s&nbsp;M\u00e1riou man\u017eelsky ne\u017eil, a\u017e k\u00fdm neporodila svojho prvoroden\u00e9ho Syna. Evanjelista Mat\u00fa\u0161 v&nbsp;nasleduj\u00facej kapitole p\u00ed\u0161e v\u0161ak aj nasledovn\u00fa spr\u00e1vu: Ke\u010f Je\u017ei\u0161 pri\u0161iel do svojej ot\u010diny a&nbsp;u\u010dil svojich rod\u00e1kov v&nbsp;synag\u00f3ge, <em>\u201eve\u013emi sa divili a&nbsp;hovorili: Odkia\u013e je u&nbsp;neho tak\u00e1 m\u00fadros\u0165 a&nbsp;divy? \u010ci nie je synom toho tes\u00e1ra? \u010ci sa mu matka nevol\u00e1 M\u00e1ria a&nbsp;bratia Jakub, Jozef, \u0160imon a&nbsp;J\u00fada? A&nbsp;\u010di jeho sestry ne\u017eij\u00fa v\u0161etky medzi nami?\u201c ( Mt 13, 54-56)<\/em><\/p>\n\n\n\n<p>Je\u017ei\u0161 teda \u017eil v&nbsp;riadnej, po\u010detnej a&nbsp;usporiadanej rodine. Mal aj zemsk\u00fdch rodi\u010dov i s\u00farodencov. O&nbsp;nich je&nbsp;v NZ pomerne m\u00e1lo spr\u00e1v. Napokon, nie Jozef, ani jeho deti, ba ani Jeho \u017eena a&nbsp;teda matka Je\u017ei\u0161ova nie s\u00fa v&nbsp;P\u00edsme sv\u00e4tom t\u00ed najd\u00f4le\u017eitej\u0161\u00ed. T\u00fdm je samotn\u00fd Je\u017ei\u0161 Kristus a&nbsp;vz\u0165ah \u010dloveku pr\u00e1ve k&nbsp;Nemu. To plat\u00ed o&nbsp;Jeho zemsk\u00fdch rodi\u010doch, o&nbsp;Jeho s\u00farodencoch a&nbsp;rovnako aj o&nbsp;ka\u017edom z&nbsp;n\u00e1s.<\/p>\n\n\n\n<p>Sk\u00f4r, ako sa zapo\u010d\u00favame do svedectva NZ o&nbsp;tomto vz\u0165ahu celej rodiny k&nbsp;Je\u017ei\u0161ovi, chcel by som poveda\u0165 nieko\u013eko slov o&nbsp;Je\u017ei\u0161ovej matke. Vieme toti\u017e, \u017ee pr\u00e1ve ona sa stala v&nbsp;ur\u010ditej \u010dasti kres\u0165anstva predmetom nielen \u00facty, ale aj predmetom vz\u00fdvania a&nbsp;oslavy. T\u00ed, ktor\u00ed tak nerobili a&nbsp;nerobia, boli v&nbsp;minulosti tvrdo prenasledovan\u00ed ako tzv. nepriatelia panny M\u00e1rie. Sta\u010d\u00ed, ak si spomenie na s\u00fadny proces s&nbsp;na\u0161\u00edm biskupom Danielom Krmanom a&nbsp;jeho n\u00e1sledn\u00fd \u00fadel.<\/p>\n\n\n\n<p>Je pravdou, \u017ee M\u00e1ria dostala na prvom Efezskom ekumenickom koncile v\u00a0r. 431 titul \u201eteotokos\u201c (gr), t. j. bohorodi\u010dka. T\u00fdm v\u0161ak bola zodpovedan\u00e1 a\u00a0rie\u0161en\u00e1 ot\u00e1zka, \u010di je Je\u017ei\u0161 iba nosite\u013e Bo\u017eieho Logosa (Slova), alebo je s\u00e1m aj prav\u00fd Boh. Na tomto cirkevnom sneme bol preto ods\u00faden\u00fd blud Nestoriov a jeho pr\u00edvr\u017eencov, ktor\u00ed uzn\u00e1vali iba Je\u017ei\u0161ovu \u013eudsk\u00fa str\u00e1nku a\u00a0Je\u017ei\u0161a ozna\u010dovali len za nosite\u013ea Boha (Teoforosa). I\u0161lo o\u00a0rie\u0161enie spr\u00e1vneho u\u010denia o\u00a0Kristovi a\u00a0nie o\u00a0M\u00e1riu. Novovek\u00e9 dogmy o\u00a0M\u00e1rii vznikli len v\u00a0z\u00e1padnej \u010dasti kres\u0165anstva a\u00a0kres\u0165anstvo e\u0161te viac rozde\u013euj\u00fa a\u00a0neraz aj polarizuj\u00fa. Ide o\u00a0dogmu o nepo\u0161kvrnenom po\u010dat\u00ed panny M\u00e1rie a\u00a0o\u00a0dogmu o\u00a0jej nanebovzat\u00ed. Ani jedna z\u00a0nich nie je ani v\u00a0najmen\u0161om zalo\u017een\u00e1 na u\u010den\u00ed P\u00edsma sv\u00e4t\u00e9ho.<\/p>\n\n\n\n<p>V&nbsp;tomto s\u00favise je zauj\u00edmav\u00e9, \u017ee pr\u00e1ve v&nbsp;Efeze, ktor\u00fd le\u017e\u00ed v&nbsp;dne\u0161nom Turecku, pod horou, kde sa traduje preb\u00fdvanie panny M\u00e1rie s&nbsp;apo\u0161tolom J\u00e1nom sa objavila v&nbsp;tomto roku pozl\u00e1ten\u00e1 socha M\u00e1rie v&nbsp;nad\u017eivotnej ve\u013ekosti! Turecko, hoci sa st\u00e1le viac st\u00e1va moslimskou krajinou, t\u00fato sochu \u201ekr\u00e1\u013eovnej nebies\u201c toleruje, vzh\u013eadom na silnej\u00faci cestovn\u00fd ruch a&nbsp;nov\u00e9 p\u00fatnick\u00e9 miesto, ktor\u00e9 tu vzniklo. Tak, ako v&nbsp;starom antickom Efeze kedysi kvitol pohansk\u00fd kult bohyne Diany (Artemis) a&nbsp;obyvatelia mesta mali z&nbsp;toho ve\u013ek\u00fd profit, m\u00e1 z&nbsp;toho skvel\u00fd pr\u00edjem aj dne\u0161n\u00e9 Turecko.<\/p>\n\n\n\n<p><strong>&nbsp;&nbsp; &nbsp;&nbsp;&nbsp; Av\u0161ak to, \u010do bolo a&nbsp;je d\u00f4le\u017eit\u00e9 pre ka\u017ed\u00fa rodinu, ktor\u00fa Boh chce po\u017eehna\u0165, to je pr\u00e1ve vz\u0165ah k Je\u017ei\u0161ovi a&nbsp;k&nbsp;Jeho rozsievan\u00e9mu slovu.<\/strong> Je\u017ei\u0161 k\u00e1zal a konal skutky pomoci na mnoh\u00fdch miestach. Ale evanjelista Mat\u00fa\u0161 pripom\u00edna, \u017ee pr\u00e1ve vo svoje ot\u010dine urobil P\u00e1n ove\u013ea menej divov ako inde, pr\u00e1ve pre neveru Nazaret\u010danov. P\u00e1n na ich adresu smutne povedal: <em>\u201cNikde nie je prorok bezo cti,, iba ak vo svoje ot\u010dine a&nbsp;vo svojom dome. A&nbsp;pre ich neveru, neurobil tam mnoho divov\u201c.<\/em><\/p>\n\n\n\n<p>Je\u017ei\u0161ova matka a&nbsp;bratia si \u017eiadali hovori\u0165 s&nbsp;N\u00edm vtedy, ke\u010f Ho obklopovali z\u00e1stupy. Ako by sme mali spr\u00e1vne ch\u00e1pa\u0165 tieto slov\u00e1 evanjelistu? Mysl\u00edm, \u017ee ak niekto chce s&nbsp;niek\u00fdm hovori\u0165 a rozpr\u00e1va\u0165 sa, teda ak chce by\u0165 matka&nbsp;so synom, bratia so svoj\u00edm bratom &#8211; je to prejav z\u00e1ujmu a&nbsp;zrejme aj l\u00e1sky z&nbsp;ich strany. Ke\u010f sa man\u017eelia, alebo s\u00farodenci hnevaj\u00fa, nechc\u00fa spolu hovori\u0165. Snaha by\u0165 spolu a&nbsp;hovori\u0165 spolu je znakom dobr\u00e9ho vz\u0165ahu. P\u00e1n Je\u017ei\u0161 nepodce\u0148oval dar zemskej rodiny. Bol r\u00e1d so svojimi bl\u00edzkymi. U\u017e ako dvan\u00e1s\u0165ro\u010dn\u00fd je ozna\u010den\u00fd ako ten, ktor\u00fd bol poslu\u0161n\u00fd svoj\u00edm rodi\u010dom. Chodil s&nbsp;nimi na slu\u017eby Bo\u017eie do synag\u00f3gy a&nbsp;evanjelista Luk\u00e1\u0161 zaznamen\u00e1va, \u017ee bol \u201e<em>mil\u00fd Bohu i&nbsp;\u013eudom\u201c. (Lk 2)<\/em><\/p>\n\n\n\n<p>Pravda, viera v\u00a0Je\u017ei\u0161a ako Spasite\u013ea sveta nebola ani pre M\u00e1riu, ani pre Jeho s\u00farodencov vecou jednoduchou. Ani nie \u013eah\u0161ou, ako je dnes pre n\u00e1s. Aj vtedy, rovnako ako dnes, sa\u00a0tak\u00e1to viera rodila nie z\u00a0rozumov\u00e9ho poznania, ale ako dar Ducha Sv\u00e4t\u00e9ho.<\/p>\n\n\n\n<p>Napriek tomu si aj dnes mnoh\u00ed dobr\u00ed kres\u0165ania myslia, podobne ako kedysi dobr\u00ed \u017didia, alebo pohania, \u017ee sta\u010d\u00ed P\u00e1nu Bohu prinies\u0165 nejak\u00fa obe\u0165, pr\u00edpadne splni\u0165 nejak\u00fd &#8211; v&nbsp;lep\u0161om pr\u00edpadne Bo\u017e\u00ed z\u00e1kon, v&nbsp;hor\u0161om cirkevn\u00fd predpis a&nbsp;&#8211; P\u00e1n Boh mus\u00ed \u010dloveka spasi\u0165. Napokon, ke\u010f\u017ee P\u00e1n Boh je dobr\u00fd, ni\u010d in\u00e9 vraj nem\u00f4\u017ee urobi\u0165, ako \u010dloveka omilosti\u0165 a&nbsp;potom ho privies\u0165 do svojho ve\u010dn\u00e9ho pr\u00edbytku. Pozna\u0165 nutnos\u0165 slu\u017eby Z\u00e1chrancu a&nbsp;Spasite\u013ea nie je pre \u010dloveka vecou samozrejmou.<\/p>\n\n\n\n<p>P\u00e1n Je\u017ei\u0161 n\u00e1m ukazuje, \u017ee On je z\u00e1chranca rodiny, ale nie iba svojej pokrvnej rodiny. Pri\u0161iel pre v\u0161etky man\u017eelstv\u00e1 a&nbsp;rodiny. Pri\u0161iel, aby pom\u00e1hal a&nbsp;zachra\u0148oval to, \u010do Boh spojil. Pri\u0161iel, aby pom\u00e1hal vz\u00e1jomne si odp\u00fa\u0161\u0165a\u0165 tam, kde v\u0161etci v&nbsp;rodine a&nbsp;v najbli\u017e\u0161\u00edch vz\u0165ahoch potrebuj\u00fa odpustenie. Jeho slu\u017eba je slu\u017ebou zmierenia s&nbsp;Bohom, slu\u017ebou odpustenia hriechov, ktor\u00e9 potrebujeme v\u0161etci. Man\u017eelia, otcovia i&nbsp;matky, pokrvn\u00ed bratia i&nbsp;sestry.<\/p>\n\n\n\n<p>Rodina je v&nbsp;Je\u017ei\u0161ov\u00fdch o\u010diach cirkev v&nbsp;malom. Cirkev je Jeho duchovn\u00fdm telom a&nbsp;jeho s\u00fa\u010das\u0165ou je aj rodina. P\u00e1n nepodce\u0148uje matku, ani svojich s\u00farodencov, ke\u010f hovor\u00ed: <em>\u201eKto je moja matka? A&nbsp;kto s\u00fa moji bratia?!<\/em> On miloval aj svoju matku, aj otca Jozefa, aj s\u00farodencov. Ale l\u00e1sku Bo\u017eiu prin\u00e1\u0161a pre v\u0161etk\u00fdch, ktor\u00fd ju chc\u00fa prija\u0165 a&nbsp;ktor\u00ed chc\u00fa z&nbsp;nej \u017ei\u0165.<\/p>\n\n\n\n<p>Preto ukazuje rukou na svojich u\u010den\u00edkov a\u00a0hovor\u00ed: <em>\u201eAjh\u013ea, moja matka i\u00a0moji bratia\u201c.<\/em> Pre\u010do ich takto Je\u017ei\u0161 ozna\u010duje? Preto\u017ee u\u010den\u00edci pri\u0161li za N\u00edm, ke\u010f mnoh\u00e9 vz\u00e1cne vz\u0165ahy opustili, aby po\u010duli Jeho slovo. Pri\u0161li, aby po\u010duli Jeho evanjelium. Slovo o\u00a0tom, \u017ee nie \u010dlovek miluje Boha cel\u00fdm srdcom &#8211; ale Boh takto miluje n\u00e1s! N\u00e1\u0161 nebesk\u00fd Otec nechce, aby sme boli a\u00a0zostali ako straten\u00e9 ovce, m\u00e1rnotratn\u00ed synovia a\u00a0dc\u00e9ry, ale pon\u00faka n\u00e1m svoju milos\u0165, odpustenie, l\u00e1sku a\u00a0sp\u00e1su vo svojom Synovi.<\/p>\n\n\n\n<p>U\u010den\u00edci a&nbsp;ani nikto z&nbsp;Je\u017ei\u0161ov\u00fdch pokrvn\u00fdch nebol bez hriechu. Slov\u00e1 51 \u017ealmu: <em>\u201cH\u013ea v&nbsp;nepr\u00e1vosti som sa zrodil, a&nbsp;v&nbsp;hriechu po\u010dala ma moja matka\u201c (v.7)<\/em> platia o&nbsp;ka\u017edom \u010dloveku bez v\u00fdnimky. Ale tam, kde slovo evanjelia znie a zost\u00e1va v&nbsp;na\u0161om srdci, kde ho \u010dlovek po\u010d\u00fava znova a znova a ned\u00e1 si ho vzia\u0165 ani diablovi, ani mocnostiam tohto sveta, ani ho neudus\u00ed staros\u0165ami o&nbsp;\u017eivobytie, alebo klamom bohatstva, tam kde \u010dlovek nie je chv\u00ed\u013ekov\u00fd a&nbsp;akoby bez kore\u0148a &#8211; tam sa st\u00e1va Je\u017ei\u0161ov\u00fdm pr\u00edbuzn\u00fdm! Je\u017ei\u0161ov\u00fdm bl\u00ed\u017enym, ba najbli\u017e\u0161\u00edm: matkou, bratom i&nbsp;sestrou. Tam smieme ma\u0165 istotu Jeho l\u00e1sky a&nbsp;Jeho priznania sa k n\u00e1m v&nbsp;\u010dasnosti i&nbsp;vo ve\u010dnosti.<\/p>\n\n\n\n<p>Viera \u010dloveka v\u0161ak mus\u00ed by\u0165 prav\u00e1 a\u00a0skuto\u010dn\u00e1. Viera nie je skuto\u010dn\u00e1 a\u00a0prav\u00e1 vtedy, ak jej ch\u00fdba v\u010faka. Ak zabudneme, alebo nechceme P\u00e1novi \u010fakova\u0165 za toto vysok\u00e9 ocenenie a\u00a0na\u0161e pov\u00fd\u0161enie: by\u0165 Kristov\u00fdmi najbli\u017e\u0161\u00edmi, ktor\u00ed maj\u00fa \u00fa\u010das\u0165 na Jeho dedi\u010dstve. (R 8, 17) Ak z\u00a0v\u010faky za Bo\u017eie prijatie skrze Krista nevykon\u00e1me ni\u010d, \u010do je dobr\u00e9 pod\u013ea v\u00f4le Otca nebesk\u00e9ho. \u017div\u00e1 viera je \u010dinn\u00e1 v\u00a0l\u00e1ske.<\/p>\n\n\n\n<p>Farizej \u0160imon s\u00edce pozval Je\u017ei\u0161a do svojho domu, ale Je\u017ei\u0161ovo slovo neprijal. Bol spokojn\u00fd s\u00e1m so sebou a&nbsp;pre neho a&nbsp;jeho rodinu Je\u017ei\u0161 ve\u013ea neznamenal. \u017dena hrie\u0161nica ne\u0161etrila ani drah\u00fa nardov\u00fa mas\u0165, a&nbsp;ne\u0161etrila ani slzami pok\u00e1nia a&nbsp;pokornou v\u010fa\u010dnos\u0165ou vo\u010di Je\u017ei\u0161ovi.<\/p>\n\n\n\n<p>Bratia a&nbsp;sestry v&nbsp;P\u00e1novi!<\/p>\n\n\n\n<p>\u010co m\u00f4\u017eeme urobi\u0165 my pre na\u0161e rodiny? Predov\u0161etk\u00fdm dovoli\u0165, aby Je\u017ei\u0161 v&nbsp;nich mal svoje miesto. Aby malo v&nbsp;nich miesto Jeho slovo v&nbsp;ka\u017edom \u010dase. A&nbsp;aby Jeho slov\u00e1 boli nielen vypo\u010dut\u00e9, ale aj prijat\u00e9. Vtedy a tak bude m\u00f4c\u0165 a&nbsp;chcie\u0165 medzi nami a&nbsp;v&nbsp;na\u0161ich rodin\u00e1ch a dom\u00e1cnostiach vykona\u0165 mnoho divov a&nbsp;z\u00e1zrakov. Na\u0161a viera Mu to dovol\u00ed. Jeho skutky smeruj\u00fa v\u017edy k&nbsp;dobru, k&nbsp;\u017eivotu, k&nbsp;posilneniu dobr\u00fdch a&nbsp;pevn\u00fdch vz\u0165ahov, ktor\u00e9 s\u00fa pre ka\u017ed\u00e9ho z&nbsp;n\u00e1s tak\u00e9 d\u00f4le\u017eit\u00e9 a&nbsp;vz\u00e1cne.<\/p>\n\n\n\n<p>Prav\u00e1 viera prinesie aj prav\u00e9 skutky. Dobr\u00e9 skutky otcov, matiek i&nbsp;det\u00ed. Potom ka\u017ed\u00fd v&nbsp;rodine vie a bude vedie\u0165, kde je jeho miesto, alebo \u010do v&nbsp;danej chv\u00edli robi\u0165, aby to bolo mil\u00e9 \u013eu\u010fom i&nbsp;P\u00e1nu Bohu. Tak na\u0161e rodiny P\u00e1n chr\u00e1ni, po\u017eehn\u00e1va, buduje a&nbsp;men\u00ed ich na svoju cirkev, ktor\u00fa &nbsp;zachov\u00e1 k&nbsp;\u017eivotu \u010dasn\u00e9mu i&nbsp;ve\u010dn\u00e9mu. Amen<\/p>\n\n\n\n<p>&nbsp;<\/p>\n\n\n\n<p>8. nede\u013ea po Sv\u00e4tej Trojici &#8211; Hol\u00ed\u010d, 26. 7. 2015 &#8211; \u013dubom\u00edr Batka st.<\/p>\n\n\n\n<p><\/p>\n","protected":false},"excerpt":{"rendered":"<p>&nbsp;&nbsp;&nbsp;&nbsp;&nbsp;&nbsp;&nbsp;&nbsp;&nbsp;&nbsp;&nbsp;&nbsp;&nbsp;&nbsp;&nbsp;&nbsp;&nbsp;&nbsp;&nbsp;&nbsp;&nbsp;&nbsp;&nbsp;&nbsp;&nbsp;&nbsp;&nbsp;&nbsp;&nbsp;&nbsp;&nbsp;&nbsp;&nbsp;&nbsp; Je\u017ei\u0161, Jeho matka a&nbsp;rodina Mt 12, 46 \u2013 50: \u201eKe\u010f e\u0161te hovoril k&nbsp;z\u00e1stupom, ajh\u013ea, Jeho matka a&nbsp;bratia st\u00e1li vonku a&nbsp;\u017eiadali si hovori\u0165 s&nbsp;N\u00edm. (47) I&nbsp;povedal mu ktosi: Ajh\u013ea, Tvoja matka a&nbsp;Tvoji bratia stoja vonku a&nbsp;\u017eiadaj\u00fa si hovori\u0165 s&nbsp;Tebou. (48) Ale On odvetil a&nbsp;povedal tomu, ktor\u00fd Mu to hovoril: Kto je moja matka? A&nbsp;kto s\u00fa &#8230; <a title=\"Je\u017ei\u0161, Jeho matka a rodina\" class=\"read-more\" href=\"https:\/\/www.e-anjelik.sk\/index.php\/2015\/07\/28\/jezis-jeho-matka-a-rodina\/\" aria-label=\"Pre\u010d\u00edtajte si viac o Je\u017ei\u0161, Jeho matka a rodina\">\u010c\u00edta\u0165 viac<\/a><\/p>\n","protected":false},"author":4,"featured_media":0,"comment_status":"open","ping_status":"open","sticky":false,"template":"","format":"standard","meta":{"footnotes":""},"categories":[119,153],"tags":[],"class_list":["post-28779","post","type-post","status-publish","format-standard","hentry","category-obdobie-po-sv-trojici","category-holic"],"_links":{"self":[{"href":"https:\/\/www.e-anjelik.sk\/index.php\/wp-json\/wp\/v2\/posts\/28779","targetHints":{"allow":["GET"]}}],"collection":[{"href":"https:\/\/www.e-anjelik.sk\/index.php\/wp-json\/wp\/v2\/posts"}],"about":[{"href":"https:\/\/www.e-anjelik.sk\/index.php\/wp-json\/wp\/v2\/types\/post"}],"author":[{"embeddable":true,"href":"https:\/\/www.e-anjelik.sk\/index.php\/wp-json\/wp\/v2\/users\/4"}],"replies":[{"embeddable":true,"href":"https:\/\/www.e-anjelik.sk\/index.php\/wp-json\/wp\/v2\/comments?post=28779"}],"version-history":[{"count":3,"href":"https:\/\/www.e-anjelik.sk\/index.php\/wp-json\/wp\/v2\/posts\/28779\/revisions"}],"predecessor-version":[{"id":38402,"href":"https:\/\/www.e-anjelik.sk\/index.php\/wp-json\/wp\/v2\/posts\/28779\/revisions\/38402"}],"wp:attachment":[{"href":"https:\/\/www.e-anjelik.sk\/index.php\/wp-json\/wp\/v2\/media?parent=28779"}],"wp:term":[{"taxonomy":"category","embeddable":true,"href":"https:\/\/www.e-anjelik.sk\/index.php\/wp-json\/wp\/v2\/categories?post=28779"},{"taxonomy":"post_tag","embeddable":true,"href":"https:\/\/www.e-anjelik.sk\/index.php\/wp-json\/wp\/v2\/tags?post=28779"}],"curies":[{"name":"wp","href":"https:\/\/api.w.org\/{rel}","templated":true}]}}