{"id":2878,"date":"2010-06-04T10:15:38","date_gmt":"2010-06-04T10:15:38","guid":{"rendered":"http:\/\/e-anjelik.sk\/?p=2878"},"modified":"2010-06-04T10:15:38","modified_gmt":"2010-06-04T10:15:38","slug":"priniest-krista-ludom-dneska-tema-svetovej-misijnej-konferencie-v-edinburgu","status":"publish","type":"post","link":"https:\/\/www.e-anjelik.sk\/index.php\/2010\/06\/04\/priniest-krista-ludom-dneska-tema-svetovej-misijnej-konferencie-v-edinburgu\/","title":{"rendered":"Prinies\u0165 Krista \u013eu\u010fom dne\u0161ka &#8211; t\u00e9ma svetovej misijnej konferencie v Edinburgu"},"content":{"rendered":"<p>Pod organiza\u010dn&yacute;m veden&iacute;m SRC a Svetovej evanjelickej aliancie&nbsp;zi&scaron;lo sa v Edinburgu okolo 300 deleg&aacute;tov zo&nbsp;60 kraj&iacute;n sveta na misijnej konferencii, ktor&aacute; bude&nbsp;trva\u0165 nieko\u013eko dn&iacute;. Konferencia sa kon&aacute; v s&uacute;vislosti so storo\u010dnicou prvej takejto konferencie v Edinburgu v r. 1910. T&eacute;mou konferencie je &quot;sved\u010di\u0165 o Je\u017ei&scaron;ovi Kristovi \u013eu\u010fom dne&scaron;ka&quot;.&nbsp;&nbsp;&nbsp;<\/p>\n<p>(<a href=\"http:\/\/www.dagen.se\">www.dagen.se<\/a>)<\/p>\n","protected":false},"excerpt":{"rendered":"<p>Pod organiza\u010dn&yacute;m veden&iacute;m SRC a Svetovej evanjelickej aliancie&nbsp;zi&scaron;lo sa v Edinburgu okolo 300 deleg&aacute;tov zo&nbsp;60 kraj&iacute;n sveta na misijnej konferencii, ktor&aacute; bude&nbsp;trva\u0165 nieko\u013eko dn&iacute;. Konferencia sa kon&aacute; v s&uacute;vislosti so storo\u010dnicou prvej takejto konferencie v Edinburgu v r. 1910. T&eacute;mou konferencie je &quot;sved\u010di\u0165 o Je\u017ei&scaron;ovi Kristovi \u013eu\u010fom dne&scaron;ka&quot;.&nbsp;&nbsp;&nbsp; (www.dagen.se)<\/p>\n","protected":false},"author":22,"featured_media":0,"comment_status":"open","ping_status":"open","sticky":false,"template":"","format":"standard","meta":{"footnotes":""},"categories":[2],"tags":[],"class_list":["post-2878","post","type-post","status-publish","format-standard","hentry","category-ekumena"],"_links":{"self":[{"href":"https:\/\/www.e-anjelik.sk\/index.php\/wp-json\/wp\/v2\/posts\/2878","targetHints":{"allow":["GET"]}}],"collection":[{"href":"https:\/\/www.e-anjelik.sk\/index.php\/wp-json\/wp\/v2\/posts"}],"about":[{"href":"https:\/\/www.e-anjelik.sk\/index.php\/wp-json\/wp\/v2\/types\/post"}],"author":[{"embeddable":true,"href":"https:\/\/www.e-anjelik.sk\/index.php\/wp-json\/wp\/v2\/users\/22"}],"replies":[{"embeddable":true,"href":"https:\/\/www.e-anjelik.sk\/index.php\/wp-json\/wp\/v2\/comments?post=2878"}],"version-history":[{"count":0,"href":"https:\/\/www.e-anjelik.sk\/index.php\/wp-json\/wp\/v2\/posts\/2878\/revisions"}],"wp:attachment":[{"href":"https:\/\/www.e-anjelik.sk\/index.php\/wp-json\/wp\/v2\/media?parent=2878"}],"wp:term":[{"taxonomy":"category","embeddable":true,"href":"https:\/\/www.e-anjelik.sk\/index.php\/wp-json\/wp\/v2\/categories?post=2878"},{"taxonomy":"post_tag","embeddable":true,"href":"https:\/\/www.e-anjelik.sk\/index.php\/wp-json\/wp\/v2\/tags?post=2878"}],"curies":[{"name":"wp","href":"https:\/\/api.w.org\/{rel}","templated":true}]}}