{"id":2879,"date":"2010-06-04T11:10:49","date_gmt":"2010-06-04T11:10:49","guid":{"rendered":"http:\/\/e-anjelik.sk\/?p=2879"},"modified":"2010-06-04T11:10:49","modified_gmt":"2010-06-04T11:10:49","slug":"futbalovy-turnaj-teologov-vo-viedni","status":"publish","type":"post","link":"https:\/\/www.e-anjelik.sk\/index.php\/2010\/06\/04\/futbalovy-turnaj-teologov-vo-viedni\/","title":{"rendered":"Futbalov\u00fd turnaj teol\u00f3gov vo Viedni"},"content":{"rendered":"<p>23 mu\u017estiev piatich n&aacute;rodov sa od piatka 28. m&aacute;ja&nbsp;do nedele 30. m&aacute;ja 2010&nbsp;z&uacute;\u010dastnilo vo Viedni&nbsp; medzin&aacute;rodn&eacute;ho futbalov&eacute;ho turnaja o Poh&aacute;r Theo katol&iacute;ckych, evanjelick&yacute;ch, reformovan&yacute;ch a pravosl&aacute;vnych teologick&yacute;ch fak&uacute;lt. Pri&scaron;lo okolo 300 hr&aacute;\u010dov, fan&uacute;&scaron;ikov a pracovn&iacute;kov z Nemecka, Rak&uacute;ska, &Scaron;vaj\u010diarska, Srbska a Ma\u010farska. Turnaj sa za\u010dal v piatok ve\u010der sl&aacute;vnos\u0165ou na Viedenskej univerzite,kde predsedali dekani oboch viedensk&yacute;ch fak&uacute;lt a biskup ECAV v Rak&uacute;sku M. Buenker.V&nbsp;sobotu ve\u010der sa konali ekumenick&eacute; bohoslu\u017eby v katol&iacute;ckom kostole Don Bosco. Samotn&yacute; turnaj sa konal&nbsp;v&nbsp;&scaron;portovom&nbsp;&nbsp;centre Marswiese. V&iacute;\u0165azom turnaja sa stalo mu\u017estvo katol&iacute;ckej teologickej fakulty z Rezna, druh&eacute; miesto obsadilo dru\u017estvo pravosl&aacute;vnych z Belehradu a&nbsp;mu\u017estvo Ev. teolol. fakulty Viede\u0148 obsadilo tretie miesto.<\/p>\n<p>(<a href=\"http:\/\/www.evang.at\">www.evang.at<\/a>)<\/p>\n","protected":false},"excerpt":{"rendered":"<p>23 mu\u017estiev piatich n&aacute;rodov sa od piatka 28. m&aacute;ja&nbsp;do nedele 30. m&aacute;ja 2010&nbsp;z&uacute;\u010dastnilo vo Viedni&nbsp; medzin&aacute;rodn&eacute;ho futbalov&eacute;ho turnaja o Poh&aacute;r Theo katol&iacute;ckych, evanjelick&yacute;ch, reformovan&yacute;ch a pravosl&aacute;vnych teologick&yacute;ch fak&uacute;lt. Pri&scaron;lo okolo 300 hr&aacute;\u010dov, fan&uacute;&scaron;ikov a pracovn&iacute;kov z Nemecka, Rak&uacute;ska, &Scaron;vaj\u010diarska, Srbska a Ma\u010farska. Turnaj sa za\u010dal v piatok ve\u010der sl&aacute;vnos\u0165ou na Viedenskej univerzite,kde predsedali dekani oboch &#8230; <a title=\"Futbalov\u00fd turnaj teol\u00f3gov vo Viedni\" class=\"read-more\" href=\"https:\/\/www.e-anjelik.sk\/index.php\/2010\/06\/04\/futbalovy-turnaj-teologov-vo-viedni\/\" aria-label=\"Pre\u010d\u00edtajte si viac o Futbalov\u00fd turnaj teol\u00f3gov vo Viedni\">\u010c\u00edta\u0165 viac<\/a><\/p>\n","protected":false},"author":22,"featured_media":0,"comment_status":"open","ping_status":"open","sticky":false,"template":"","format":"standard","meta":{"footnotes":""},"categories":[2],"tags":[],"class_list":["post-2879","post","type-post","status-publish","format-standard","hentry","category-ekumena"],"_links":{"self":[{"href":"https:\/\/www.e-anjelik.sk\/index.php\/wp-json\/wp\/v2\/posts\/2879","targetHints":{"allow":["GET"]}}],"collection":[{"href":"https:\/\/www.e-anjelik.sk\/index.php\/wp-json\/wp\/v2\/posts"}],"about":[{"href":"https:\/\/www.e-anjelik.sk\/index.php\/wp-json\/wp\/v2\/types\/post"}],"author":[{"embeddable":true,"href":"https:\/\/www.e-anjelik.sk\/index.php\/wp-json\/wp\/v2\/users\/22"}],"replies":[{"embeddable":true,"href":"https:\/\/www.e-anjelik.sk\/index.php\/wp-json\/wp\/v2\/comments?post=2879"}],"version-history":[{"count":0,"href":"https:\/\/www.e-anjelik.sk\/index.php\/wp-json\/wp\/v2\/posts\/2879\/revisions"}],"wp:attachment":[{"href":"https:\/\/www.e-anjelik.sk\/index.php\/wp-json\/wp\/v2\/media?parent=2879"}],"wp:term":[{"taxonomy":"category","embeddable":true,"href":"https:\/\/www.e-anjelik.sk\/index.php\/wp-json\/wp\/v2\/categories?post=2879"},{"taxonomy":"post_tag","embeddable":true,"href":"https:\/\/www.e-anjelik.sk\/index.php\/wp-json\/wp\/v2\/tags?post=2879"}],"curies":[{"name":"wp","href":"https:\/\/api.w.org\/{rel}","templated":true}]}}