{"id":28809,"date":"2015-08-05T14:29:35","date_gmt":"2015-08-05T12:29:35","guid":{"rendered":"http:\/\/www.evanjelik.sk\/?p=28809"},"modified":"2015-08-05T14:29:35","modified_gmt":"2015-08-05T12:29:35","slug":"brano-koleny-oslavil-85-narodeniny","status":"publish","type":"post","link":"https:\/\/www.e-anjelik.sk\/index.php\/2015\/08\/05\/brano-koleny-oslavil-85-narodeniny\/","title":{"rendered":"BRA\u0147O KOL\u00c9NY &#8211; osl\u00e1vil 85.narodeniny"},"content":{"rendered":"<p>&nbsp;<\/p>\n<p>Branislav Kol\u00e9ny, evanj.a.v.far\u00e1r v.v., osl\u00e1vil z Bo\u017eej milosti 85.narodeniny nielen v kruhu vlastnej rodiny, ale aj v rodine \u010dastkovsk\u00e9ho CZ, v ktorom po\u017eehnane p\u00f4sobil 45 rokov.<\/p>\n<p>&nbsp;<\/p>\n<p>Narodil sa 1.7.1930 v Krajnom, v rodine evanj.far\u00e1ra Mladena Kol\u00e9nyho a Zlatice rod.G\u00f6m\u00f6ryovej ako najmlad\u0161\u00ed z piatich det\u00ed. Pokrstil ho 11. j\u00fala 1930 senior vtedaj\u0161ieho Nitrianskeho senior\u00e1tu a far\u00e1r vo Vrbovom J\u00falius Bodn\u00e1r. \u00daprimn\u00fa vieru a l\u00e1sku k P\u00e1novej cirkvi z\u00edskal vo vz\u00e1cnom rodinnom prostred\u00ed, ale aj z trad\u00edcie far\u00e1rskych n\u00e1rodoveck\u00fdch rod\u00edn Kol\u00e9nyovcov a Abaffyovcov.<\/p>\n<p>Gymn\u00e1zium nav\u0161tevoval v Novom Meste nad V\u00e1hom, kde v r.1949 maturoval. Bol horliv\u00fdm \u010dlenom Sokola a cvi\u010dil aj na poslednom sokolskom zlete v Prahe. Ako vojak z\u00e1kladnej slu\u017eby sa z\u00fa\u010dastnil prvej spartaki\u00e1dy. Dva mesiace brig\u00e1doval na Trati ml\u00e1de\u017ee.<\/p>\n<p>Pre \u0161t\u00fadium teologie sa rozhodol po vn\u00fatornom pozvan\u00ed Toho, ktor\u00fd je zvrchovan\u00fdm P\u00e1nom v\u0161etk\u00e9ho stvorenstva. Podmienky na teologickej fakulte boli ve\u013emi \u0165a\u017ek\u00e9. Obe\u0165ou vl\u00e1dnuceho komunistick\u00e9ho re\u017eimu sa stali viacer\u00ed profesori i posluch\u00e1\u010di. Aj z\u00e1ver \u0161t\u00fadia Branislava Kol\u00e9nyho\u00a0 bol dramatick\u00fd, ke\u010f absolventov nemohol vysv\u00e4ti\u0165 biskup Vladim\u00edr Pavel \u010cobrda, vtedy u\u017e verejne potupovan\u00fd a prenasledovan\u00fd, ale nov\u00fd \u201cpokrokov\u00fd\u201d gen.biskup J.Chabada.<\/p>\n<p>&nbsp;<\/p>\n<p>Duchovn\u00fa slu\u017ebu za\u010dal B.Kol\u00e9ny ako senior\u00e1lny kapl\u00e1n Tur\u010dianseho senior\u00e1tu<\/p>\n<p>u Viktora \u0160imku. Dvojro\u010dn\u00fa z\u00e1kladn\u00fa vojensk\u00fa slu\u017ebu absolvoval v Brne, kde nadviazal viacer\u00e9 dlhodob\u00e9 priate\u013estv\u00e1 i kontakty s \u010ceskobratskou cirkvou. Jej duchovn\u00e9 ovocie preniesol aj do svojho nesk\u00f4r\u0161ieho p\u00f4sobiska v \u010castkove. Pekn\u00fd vz\u0165ah si vytvoril najm\u00e4 s \u010dlenmi CZ v Rusave, v ktorom a\u017e dodnes \u017eije spomienka na v\u00fdznamn\u00e9ho slovensk\u00e9ho far\u00e1ra, biol\u00f3ga a n\u00e1rodopisca Daniela Slobodu.<\/p>\n<p>Po vojen\u010dine kapl\u00e1n\u010dil v P\u00fachove, na Myjave, i v Ko\u0161iciach u biskupa J\u00faliusa Kr\u010dm\u00e9ryho. Na svojich princip\u00e1lov r\u00e1d a s \u00factou spom\u00edna dodnes.<\/p>\n<p>&nbsp;<\/p>\n<p>Po zlo\u017een\u00ed k\u0148azskej sk\u00fa\u0161ky vo Zvolene, zvolil si ho upr\u00e1zdnen\u00fd \u010dastkovsk\u00fd zbor v Myjavskom senior\u00e1te za svojho duchovn\u00e9ho pastiera. V prv\u00fa septembrov\u00fa nede\u013eu 1958 sa konala mohutn\u00e1 sl\u00e1vnos\u0165 in\u0161tal\u00e1cie nov\u00e9ho kazate\u013ea slova Bo\u017eieho. V dobe ne\u013e\u00fatostnej ateiz\u00e1cie mo\u017eno hovori\u0165 o manifesta\u010dnom priznan\u00ed sa \u013eudu k osved\u010denej viere otcov. CZ r\u00fdchlo pochopil, ak\u00e9ho vynikaj\u00faceho duchovn\u00e9ho pastiera mu posiela Hospodin a ve\u013emi si ho ob\u013e\u00fabil i zamiloval. Skvel\u00e9ho kazate\u013ea, ktor\u00fd i v mraziv\u00fdch \u010dasoch vedel za\u017e\u00edha\u0165 svetl\u00e1 n\u00e1deje, vlieva\u0165 vieru, vernos\u0165 k evanjeliu, l\u00e1sku k cirkvi a oddanos\u0165 nebesk\u00e9mu Otcovi. Ne\u00fanavn\u00e9ho, odv\u00e1\u017eneho mu\u017ea priameho slova, ktor\u00fd i \u010dase nepohody dok\u00e1zal pevne st\u00e1\u0165 na poz\u00edciach \u010destn\u00e9ho bojovn\u00edka za Bo\u017eie pravdy. Mu\u017ea ve\u013ek\u00e9ho srdca, ktor\u00fd si nestanovoval \u00faradn\u00e9 hodiny, ale v ka\u017edom \u010dase a za ka\u017ed\u00fdch okolnost\u00ed po\u017eehnane sl\u00fa\u017eil zveren\u00e9mu \u013eudu Bo\u017eiemu.<\/p>\n<p>Po\u010detne mal\u00fd CZ v \u010castkove sa s odvahou pustil do duchovnej pr\u00e1ce i do hmotn\u00e9ho budovania zboru. Rodi\u010dia prihl\u00e1sili ,napriek organizovanej atei\u00e1zii, v\u0161etky deti na n\u00e1bo\u017eensk\u00fa v\u00fdchovu.(!) Nede\u013en\u00e9 detsk\u00e9 SLB nevynechalo ai jedno die\u0165a. Vznikol spevokol. Pravide\u013ene sa stret\u00e1vala ml\u00e1de\u017e. Star\u0161\u00ed si prehlbovali zbo\u017enos\u0165 na biblick\u00fdch hodin\u00e1ch. Prikro\u010dilo sa ku gener\u00e1lnej oprave kostola zvonku i zvn\u00fatra. Ve\u017ea z\u00edskala nov\u00e9 kvalitn\u00e9 hodiny. Dynamika zboru dostala vysok\u00e9 obr\u00e1tky &#8211; bez pr\u00edkazov, prirodzene. Zbor so svoj\u00edm duchovn\u00fdm pastierom sa prezentoval\u00a0 v bli\u017e\u0161om okol\u00ed i v senior\u00e1te.<\/p>\n<p>&nbsp;<\/p>\n<p>Osobn\u00fa osamelos\u0165 k\u0148az vyrie\u0161il pozvan\u00edm svojich rodi\u010dov na faru, kde na\u0161li domov a nakoniec i tich\u00e9 miesto odpo\u010dinku do d\u0148a vzkriesenia. Man\u017eelstvo uzavrel Bra\u0148islav Kol\u00e9ny v \u010dastkovskom chr\u00e1me 23.2.1962 s MUDr. Kvetoslavou rod.Vydarenou z Myjavy. P\u00e1n Boh im po\u017eehnal tri deti. Nesk\u00f4r sa v\u0161ak s boles\u0165ou musleli rozl\u00fa\u010di\u0165 s tragicky zosnulou dc\u00e9rkou Ani\u010dkou a nesk\u00f4r i s tragicky zosnulou vnu\u010dkou T\u00e1ni\u010dkou.<\/p>\n<p>Ve\u013ek\u00fdm pote\u0161en\u00edm pre CZ v \u010castkve bolo kon\u0161tavanie brata far\u00e1ra, \u017ee v \u0148om na\u0161iel nielen svoje slu\u017eobn\u00e9 pracovisko, ale aj domov pre seba i cel\u00fa rodinu. Nesmierne vyznamenanie pre v\u0161etk\u00fdch znamenalo tie\u017e jeho vybran\u00e9 miesto posledn\u00e9ho odpo\u010dinku na \u010dastkovskom cintor\u00edne. Jeho pobyt v \u010castkove presiahol hranicu 45 slu\u017eobn\u00fdch rokov. Ako 72 ro\u010dn\u00fd odi\u0161iel na d\u00f4chodok do Skalice. Odtia\u013e e\u0161te s ochotou vypom\u00e1hal ako administr\u00e1tor v\u00a0 CZ Ve\u013ek\u00e9 Lev\u00e1re. V\u00e1\u017ene ochorenie pretrhlo t\u00fato jeho misijn\u00fa slu\u017ebu.<\/p>\n<p>&nbsp;<\/p>\n<p>Duchovn\u00fd pastier po\u010das svojej slu\u017eby nadviazal kontakt s Bratskou jednotou baptistov na Chvojnici. Jadrom tohoto vz\u0165ahu sa stal kr\u00e1sny obraz ekumenick\u00e9ho spolo\u010denstva. Stret\u00e1vali sa raz mesa\u010dne na Chvojnici, kde evanjelikom bratia baptisti poskytli svoj kostol\u00edk. \u010castkovsk\u00fd zbor nav\u0161t\u00edvil BJB aj v Bratislave. Do svojho chr\u00e1mu prijal\u00a0 \u010dastkovania aj vynikaj\u00faci spevokol na \u010dele s ich kazate\u013eom z Kanady.<\/p>\n<p>&nbsp;<\/p>\n<p>Brat far\u00e1r Bra\u0148o Kol\u00e9ny okrem povinnost\u00ed v zbore prijal i \u010fal\u0161ie slu\u017eobn\u00e9 poverenia. Bol senior\u00e1lnym presbyterom, dekanom v MyS, \u010dlenom rev\u00edznej komisie, referentom na sen.konvente, deleg\u00e1tom di\u0161triktu\u00e1lnych konventov i \u010dlenom Synody, ktor\u00e1 tvorila nov\u00fa C\u00da v Lip.Hr\u00e1dku a v Uhrovci.<\/p>\n<p>Okrem dom\u00e1ceho zboru administroval aj CZ Soboti\u0161te, Vrbovce aj Skalicu. Ako uzn\u00e1van\u00fd kazate\u013e posl\u00fa\u017eil k\u00e1z\u0148ami na Bran\u010di, na \u0160tef\u00e1nikov\u00fdch sl\u00e1vnostiach na Ko\u0161arisk\u00e1ch i v Brezovej, v Hlbokom, v Hol\u00ed\u010di , na Bukovci, v Prietr\u017ei, v Turej L\u00fake, v Kostolnom, v Myjave, v Krajnom, v Ra\u010di, ale aj v Pre\u0161ove a v slovensk\u00fdch zboroch v Srbsku.<\/p>\n<p>Svoje my\u0161lienky odovzd\u00e1val do cirkevnej tla\u010de: EPST, CL, Slu\u017eby slova, Tesnou b\u00e1nou, Tranovsk\u00e9ho kalend\u00e1ra, ktor\u00e9ho bol dva roky \u0161\u00e9fredaktorom. Po ne\u017enej revol\u00facii sa prihov\u00e1ral posluch\u00e1\u010dom v Slovenskom rozhlase v rel\u00e1cii Rann\u00e9 zamyslenia. V \u010castkove boli dvakr\u00e1t rozhlasov\u00e9 SLB a Slov.telev\u00edzia vysielala priamy prenos konfirma\u010dnej sl\u00e1vnosti spojen\u00fdch s VP(!), na sviatok Sv\u00e4t\u00e9ho Ducha.<\/p>\n<p>V telev\u00edzii sa z\u00fa\u010dasntil dvoch rel\u00e1ci\u00ed Sf\u00e9ry d\u00f4vern\u00e9 a mal nieko\u013eko duchovn\u00fdch pr\u00edhovorov.<\/p>\n<p>&nbsp;<\/p>\n<p>Mnoho rokov bol \u010dlenom redak\u010dnej rady \u010dasopisu Z\u00e1horie, do ktor\u00e9ho prispel viacer\u00fdmi pr\u00edspevkami najm\u00e4 o evanjelick\u00fdch k\u0148azoch- n\u00e1rodovcoch, dramatikoch a pod. Bol tie\u017e \u010dlenom Spoliu rod\u00e1kov M.R.\u0160tef\u00e1nika a s jeho \u010dlnemi bol na z\u00e1jazdoch Po stop\u00e1ch MR\u0160 vo Franc\u00fazku a v Taliansku.<\/p>\n<p>Branislav Kol\u00e9ny tak svojj\u00edm p\u00f4soben\u00edm \u201cna roli otcov dedi\u010dnej\u201d\u00a0 vyoral v \u010castkove hlbok\u00fa, nezabudnute\u013en\u00fa br\u00e1zdu a stal sa v\u00fdraznou osobnos\u0165ou duchovn\u00e9ho i kult\u00farno-spolo\u010densk\u00e9ho \u017eivota v zbore, senior\u00e1te i v celej na\u0161ej cirkvi.<\/p>\n<p>&nbsp;<\/p>\n<p>Je iste zauj\u00edmav\u00e9, \u017ee si jeho kvality v duchovnej slu\u017ebe nev\u0161imli t\u00ed, ktor\u00ed ho mohli kandidova\u0165 a voli\u0165 aj do vy\u0161\u0161\u00edch funkci\u00ed v senior\u00e1te, alebo v di\u0161trikte. Net\u00fa\u017eil po funkci\u00e1ch, ani nevymenil \u010dastkovsk\u00fd zbor za v\u00e4\u010d\u0161\u00ed, alebo bohat\u0161\u00ed. Aj t\u00e1to skuto\u010dnos\u0165 hovor\u00ed o jeho charaktere k\u0148aza, ktor\u00fd sl\u00fa\u017eil s\u00edce mal\u00e9mu st\u00e1do\u010dku, ale s ve\u013ekou horlivos\u0165ou a vernos\u0165ou P\u00e1novho slu\u017eobn\u00edka.<\/p>\n<p>D\u00f4chodkov\u00fd vek, pokia\u013e mu to zdravie dovo\u013euje, vyu\u017e\u00edva na n\u00e1v\u0161tevu SLB, kult\u00farnych podujat\u00ed, cirkevn\u00fdch sl\u00e1vnost\u00ed i na osobn\u00e9 \u0161t\u00fadium. Te\u0161i\u0165 sa m\u00f4\u017eeme na jeho doteraz nap\u00edsan\u00e9 pam\u00e4ti, ktor\u00e9 iste raz v\u00fdjdu aj tla\u010dou a nebud\u00fa nudi\u0165 \u017eiadneho \u010ditate\u013ea.<\/p>\n<p>&nbsp;<\/p>\n<p>CZ v \u010caskove pozval pri 85.narodenin\u00e1ch svojho dlhoro\u010dn\u00e9ho nezabudnute\u013en\u00e9ho duchovn\u00e9ho pastiera do svojho chr\u00e1mu, aby spolo\u010dne \u010fakovali Hospodinu za jeho vern\u00fa a obetav\u00fa slu\u017ebu a tie\u017e aby prosili, aby ho Hospodin po\u017eehn\u00e1val a podopieral i v \u010fal\u0161\u00edch rokoch jeho \u010dasn\u00e9ho putovania.<\/p>\n<p>K mnoh\u00fdm blaho\u017eelaniam sa t\u00fdmto \u00faprimne prip\u00e1ja aj <a href=\"http:\/\/www.evanjelik.sk\">www.evanjelik.sk<\/a>. Ad multos annnos!<\/p>\n<p>Autor: Viera Jur\u00ed\u010dkov\u00e1, zborov\u00e1 dozorky\u0148a v \u010castkove<\/p>\n<p>Zdroj:\u00a0 EPST (\u010d.30-31, r.105)<\/p>\n","protected":false},"excerpt":{"rendered":"<p>&nbsp; Branislav Kol\u00e9ny, evanj.a.v.far\u00e1r v.v., osl\u00e1vil z Bo\u017eej milosti 85.narodeniny nielen v kruhu vlastnej rodiny, ale aj v rodine \u010dastkovsk\u00e9ho CZ, v ktorom po\u017eehnane p\u00f4sobil 45 rokov. &nbsp; Narodil sa 1.7.1930 v Krajnom, v rodine evanj.far\u00e1ra Mladena Kol\u00e9nyho a Zlatice rod.G\u00f6m\u00f6ryovej ako najmlad\u0161\u00ed z piatich det\u00ed. Pokrstil ho 11. j\u00fala 1930 senior vtedaj\u0161ieho Nitrianskeho senior\u00e1tu &#8230; <a title=\"BRA\u0147O KOL\u00c9NY &#8211; osl\u00e1vil 85.narodeniny\" class=\"read-more\" href=\"https:\/\/www.e-anjelik.sk\/index.php\/2015\/08\/05\/brano-koleny-oslavil-85-narodeniny\/\" aria-label=\"Pre\u010d\u00edtajte si viac o BRA\u0147O KOL\u00c9NY &#8211; osl\u00e1vil 85.narodeniny\">\u010c\u00edta\u0165 viac<\/a><\/p>\n","protected":false},"author":4,"featured_media":0,"comment_status":"open","ping_status":"open","sticky":false,"template":"","format":"standard","meta":{"footnotes":""},"categories":[173],"tags":[],"class_list":["post-28809","post","type-post","status-publish","format-standard","hentry","category-castkov"],"_links":{"self":[{"href":"https:\/\/www.e-anjelik.sk\/index.php\/wp-json\/wp\/v2\/posts\/28809","targetHints":{"allow":["GET"]}}],"collection":[{"href":"https:\/\/www.e-anjelik.sk\/index.php\/wp-json\/wp\/v2\/posts"}],"about":[{"href":"https:\/\/www.e-anjelik.sk\/index.php\/wp-json\/wp\/v2\/types\/post"}],"author":[{"embeddable":true,"href":"https:\/\/www.e-anjelik.sk\/index.php\/wp-json\/wp\/v2\/users\/4"}],"replies":[{"embeddable":true,"href":"https:\/\/www.e-anjelik.sk\/index.php\/wp-json\/wp\/v2\/comments?post=28809"}],"version-history":[{"count":0,"href":"https:\/\/www.e-anjelik.sk\/index.php\/wp-json\/wp\/v2\/posts\/28809\/revisions"}],"wp:attachment":[{"href":"https:\/\/www.e-anjelik.sk\/index.php\/wp-json\/wp\/v2\/media?parent=28809"}],"wp:term":[{"taxonomy":"category","embeddable":true,"href":"https:\/\/www.e-anjelik.sk\/index.php\/wp-json\/wp\/v2\/categories?post=28809"},{"taxonomy":"post_tag","embeddable":true,"href":"https:\/\/www.e-anjelik.sk\/index.php\/wp-json\/wp\/v2\/tags?post=28809"}],"curies":[{"name":"wp","href":"https:\/\/api.w.org\/{rel}","templated":true}]}}