{"id":2882,"date":"2010-06-07T13:34:11","date_gmt":"2010-06-07T13:34:11","guid":{"rendered":"http:\/\/e-anjelik.sk\/?p=2882"},"modified":"2010-06-07T13:34:11","modified_gmt":"2010-06-07T13:34:11","slug":"10-kongres-europskych-zdruzeni-fararov-vo-wisle-polsko","status":"publish","type":"post","link":"https:\/\/www.e-anjelik.sk\/index.php\/2010\/06\/07\/10-kongres-europskych-zdruzeni-fararov-vo-wisle-polsko\/","title":{"rendered":"10. kongres Eur\u00f3pskych zdru\u017een\u00ed far\u00e1rov vo Wisle, Po\u013esko"},"content":{"rendered":"<p>Od 5. do 9. j&uacute;na 2010 sa v zborovom dome Biskupa Wantulu vo Wisle, Po\u013esko, kon&aacute; 10. kongres Eur&oacute;psk&eacute;ho zdru\u017eenia far&aacute;rov. T&eacute;mou kongresu je &quot; Zodpovednos\u0165 za verejn&eacute; zvestovanie Bo\u017eieho Slova.&quot; Deleg&aacute;ti zastupuj&uacute; zdru\u017eenia far&aacute;rov evanjelick&yacute;ch cirkv&iacute; zo 14 kraj&iacute;n Eur&oacute;py. Spoluorganiz&aacute;torom je Zdru\u017eenie k\u0148azov a katech&eacute;tov Evanjelicko-augsburskej cirkvi v Po\u013eskej republike a Mestsk&yacute; &uacute;rad vo Wisle. Pr&iacute;tomn&iacute; s&uacute; aj biskup dom&aacute;cej cirkvi Jerzy Samiec a prezident Eur&oacute;pskeho zdru\u017eenia far&aacute;rov &#8211; far&aacute;r Gerd Rainer Koch. V nede\u013eu sa &uacute;\u010dastn&iacute;ci z&uacute;\u010dastnili slu\u017eieb Bo\u017e&iacute;ch v miestom ev. chr&aacute;me sv. Petra a Pavla.<\/p>\n<p>(<a href=\"http:\/\/www.luteranie.pl\">www.luteranie.pl<\/a>)<\/p>\n","protected":false},"excerpt":{"rendered":"<p>Od 5. do 9. j&uacute;na 2010 sa v zborovom dome Biskupa Wantulu vo Wisle, Po\u013esko, kon&aacute; 10. kongres Eur&oacute;psk&eacute;ho zdru\u017eenia far&aacute;rov. T&eacute;mou kongresu je &quot; Zodpovednos\u0165 za verejn&eacute; zvestovanie Bo\u017eieho Slova.&quot; Deleg&aacute;ti zastupuj&uacute; zdru\u017eenia far&aacute;rov evanjelick&yacute;ch cirkv&iacute; zo 14 kraj&iacute;n Eur&oacute;py. Spoluorganiz&aacute;torom je Zdru\u017eenie k\u0148azov a katech&eacute;tov Evanjelicko-augsburskej cirkvi v Po\u013eskej republike a Mestsk&yacute; &uacute;rad &#8230; <a title=\"10. kongres Eur\u00f3pskych zdru\u017een\u00ed far\u00e1rov vo Wisle, Po\u013esko\" class=\"read-more\" href=\"https:\/\/www.e-anjelik.sk\/index.php\/2010\/06\/07\/10-kongres-europskych-zdruzeni-fararov-vo-wisle-polsko\/\" aria-label=\"Pre\u010d\u00edtajte si viac o 10. kongres Eur\u00f3pskych zdru\u017een\u00ed far\u00e1rov vo Wisle, Po\u013esko\">\u010c\u00edta\u0165 viac<\/a><\/p>\n","protected":false},"author":22,"featured_media":0,"comment_status":"open","ping_status":"open","sticky":false,"template":"","format":"standard","meta":{"footnotes":""},"categories":[9,10],"tags":[],"class_list":["post-2882","post","type-post","status-publish","format-standard","hentry","category-europa","category-zo-sveta"],"_links":{"self":[{"href":"https:\/\/www.e-anjelik.sk\/index.php\/wp-json\/wp\/v2\/posts\/2882","targetHints":{"allow":["GET"]}}],"collection":[{"href":"https:\/\/www.e-anjelik.sk\/index.php\/wp-json\/wp\/v2\/posts"}],"about":[{"href":"https:\/\/www.e-anjelik.sk\/index.php\/wp-json\/wp\/v2\/types\/post"}],"author":[{"embeddable":true,"href":"https:\/\/www.e-anjelik.sk\/index.php\/wp-json\/wp\/v2\/users\/22"}],"replies":[{"embeddable":true,"href":"https:\/\/www.e-anjelik.sk\/index.php\/wp-json\/wp\/v2\/comments?post=2882"}],"version-history":[{"count":0,"href":"https:\/\/www.e-anjelik.sk\/index.php\/wp-json\/wp\/v2\/posts\/2882\/revisions"}],"wp:attachment":[{"href":"https:\/\/www.e-anjelik.sk\/index.php\/wp-json\/wp\/v2\/media?parent=2882"}],"wp:term":[{"taxonomy":"category","embeddable":true,"href":"https:\/\/www.e-anjelik.sk\/index.php\/wp-json\/wp\/v2\/categories?post=2882"},{"taxonomy":"post_tag","embeddable":true,"href":"https:\/\/www.e-anjelik.sk\/index.php\/wp-json\/wp\/v2\/tags?post=2882"}],"curies":[{"name":"wp","href":"https:\/\/api.w.org\/{rel}","templated":true}]}}