{"id":2884,"date":"2010-06-08T10:22:57","date_gmt":"2010-06-08T10:22:57","guid":{"rendered":"http:\/\/e-anjelik.sk\/?p=2884"},"modified":"2010-06-08T10:22:57","modified_gmt":"2010-06-08T10:22:57","slug":"veduci-duchovni-sa-radili","status":"publish","type":"post","link":"https:\/\/www.e-anjelik.sk\/index.php\/2010\/06\/08\/veduci-duchovni-sa-radili\/","title":{"rendered":"Ved\u00faci duchovn\u00ed sa radili"},"content":{"rendered":"<p>&quot;Etick&aacute; problematika v 21. storo\u010d&iacute; v nap&auml;\u0165ovom poli medzi luter&aacute;nskym vyznan&iacute;m a pastor&aacute;ciou&quot;&nbsp;bola t&eacute;ma stretnutia ved&uacute;cich duchovn&yacute;ch eur&oacute;pskych luter&aacute;nskych konfesion&aacute;lnych cirkv&iacute;, zdru\u017een&yacute;ch v ILC (International Lutheran Council). Stretnutie sa konalo v meste Porto,Portugalsko v d\u0148och 1. a\u017e 3. j&uacute;na 2010. Zast&uacute;pen&eacute; boli cirkvi z Belgicka, \u010ceska, D&aacute;nska, Nemecka, Anglicka, Franc&uacute;zska, Loty&scaron;ska, Portugalska, Ruska, &Scaron;panielska a ako hostia aj z USA. SELK&nbsp;zastupoval jej biskup Hans Joerg Voigt.<\/p>\n<p>(<a href=\"http:\/\/www.selk.de\">www.selk.de<\/a>)<\/p>\n","protected":false},"excerpt":{"rendered":"<p>&quot;Etick&aacute; problematika v 21. storo\u010d&iacute; v nap&auml;\u0165ovom poli medzi luter&aacute;nskym vyznan&iacute;m a pastor&aacute;ciou&quot;&nbsp;bola t&eacute;ma stretnutia ved&uacute;cich duchovn&yacute;ch eur&oacute;pskych luter&aacute;nskych konfesion&aacute;lnych cirkv&iacute;, zdru\u017een&yacute;ch v ILC (International Lutheran Council). Stretnutie sa konalo v meste Porto,Portugalsko v d\u0148och 1. a\u017e 3. j&uacute;na 2010. Zast&uacute;pen&eacute; boli cirkvi z Belgicka, \u010ceska, D&aacute;nska, Nemecka, Anglicka, Franc&uacute;zska, Loty&scaron;ska, Portugalska, Ruska, &Scaron;panielska a &#8230; <a title=\"Ved\u00faci duchovn\u00ed sa radili\" class=\"read-more\" href=\"https:\/\/www.e-anjelik.sk\/index.php\/2010\/06\/08\/veduci-duchovni-sa-radili\/\" aria-label=\"Pre\u010d\u00edtajte si viac o Ved\u00faci duchovn\u00ed sa radili\">\u010c\u00edta\u0165 viac<\/a><\/p>\n","protected":false},"author":22,"featured_media":0,"comment_status":"open","ping_status":"open","sticky":false,"template":"","format":"standard","meta":{"footnotes":""},"categories":[9,10],"tags":[],"class_list":["post-2884","post","type-post","status-publish","format-standard","hentry","category-europa","category-zo-sveta"],"_links":{"self":[{"href":"https:\/\/www.e-anjelik.sk\/index.php\/wp-json\/wp\/v2\/posts\/2884","targetHints":{"allow":["GET"]}}],"collection":[{"href":"https:\/\/www.e-anjelik.sk\/index.php\/wp-json\/wp\/v2\/posts"}],"about":[{"href":"https:\/\/www.e-anjelik.sk\/index.php\/wp-json\/wp\/v2\/types\/post"}],"author":[{"embeddable":true,"href":"https:\/\/www.e-anjelik.sk\/index.php\/wp-json\/wp\/v2\/users\/22"}],"replies":[{"embeddable":true,"href":"https:\/\/www.e-anjelik.sk\/index.php\/wp-json\/wp\/v2\/comments?post=2884"}],"version-history":[{"count":0,"href":"https:\/\/www.e-anjelik.sk\/index.php\/wp-json\/wp\/v2\/posts\/2884\/revisions"}],"wp:attachment":[{"href":"https:\/\/www.e-anjelik.sk\/index.php\/wp-json\/wp\/v2\/media?parent=2884"}],"wp:term":[{"taxonomy":"category","embeddable":true,"href":"https:\/\/www.e-anjelik.sk\/index.php\/wp-json\/wp\/v2\/categories?post=2884"},{"taxonomy":"post_tag","embeddable":true,"href":"https:\/\/www.e-anjelik.sk\/index.php\/wp-json\/wp\/v2\/tags?post=2884"}],"curies":[{"name":"wp","href":"https:\/\/api.w.org\/{rel}","templated":true}]}}