{"id":28846,"date":"2015-08-21T03:00:39","date_gmt":"2015-08-21T01:00:39","guid":{"rendered":"http:\/\/www.evanjelik.sk\/?p=28846"},"modified":"2015-08-21T03:00:39","modified_gmt":"2015-08-21T01:00:39","slug":"v-irane-prepadli-domovu-cirkev","status":"publish","type":"post","link":"https:\/\/www.e-anjelik.sk\/index.php\/2015\/08\/21\/v-irane-prepadli-domovu-cirkev\/","title":{"rendered":"V Ir\u00e1ne prepadli domov\u00fa cirkev"},"content":{"rendered":"<p>V Ir\u00e1ne zatkli najmenej p\u00e4\u0165 kres\u0165anov, lebo sa stretli v dome v meste Karad\u017e na kres\u0165anskom podujat\u00ed. Zhroma\u017edenie kres\u0165anov prepadlo policajn\u00e9 komando v civile 14. augusta 2015. Troch z nich medzi\u010dasom na kauciu prepustili. Pol\u00edcia s kres\u0165anmi zaobch\u00e1dzala surovo, zhabala Biblie a zni\u010dila na streche kot\u00fa\u010d (tanier) na pr\u00edjem satelitn\u00e9ho programu. V Ir\u00e1ne \u017eij\u00fa \u0161iitsk\u00ed moslimovia, ktor\u00ed tvrdo prenasleduj\u00fa n\u00e1bo\u017eensk\u00e9 men\u0161iny.<\/p>\n<p>(www.idea.de)<\/p>\n","protected":false},"excerpt":{"rendered":"<p>V Ir\u00e1ne zatkli najmenej p\u00e4\u0165 kres\u0165anov, lebo sa stretli v dome v meste Karad\u017e na kres\u0165anskom podujat\u00ed. Zhroma\u017edenie kres\u0165anov prepadlo policajn\u00e9 komando v civile 14. augusta 2015. Troch z nich medzi\u010dasom na kauciu prepustili. Pol\u00edcia s kres\u0165anmi zaobch\u00e1dzala surovo, zhabala Biblie a zni\u010dila na streche kot\u00fa\u010d (tanier) na pr\u00edjem satelitn\u00e9ho programu. V Ir\u00e1ne \u017eij\u00fa \u0161iitsk\u00ed &#8230; <a title=\"V Ir\u00e1ne prepadli domov\u00fa cirkev\" class=\"read-more\" href=\"https:\/\/www.e-anjelik.sk\/index.php\/2015\/08\/21\/v-irane-prepadli-domovu-cirkev\/\" aria-label=\"Pre\u010d\u00edtajte si viac o V Ir\u00e1ne prepadli domov\u00fa cirkev\">\u010c\u00edta\u0165 viac<\/a><\/p>\n","protected":false},"author":2,"featured_media":0,"comment_status":"open","ping_status":"open","sticky":false,"template":"","format":"standard","meta":{"footnotes":""},"categories":[1],"tags":[],"class_list":["post-28846","post","type-post","status-publish","format-standard","hentry","category-adventna-modlitba"],"_links":{"self":[{"href":"https:\/\/www.e-anjelik.sk\/index.php\/wp-json\/wp\/v2\/posts\/28846","targetHints":{"allow":["GET"]}}],"collection":[{"href":"https:\/\/www.e-anjelik.sk\/index.php\/wp-json\/wp\/v2\/posts"}],"about":[{"href":"https:\/\/www.e-anjelik.sk\/index.php\/wp-json\/wp\/v2\/types\/post"}],"author":[{"embeddable":true,"href":"https:\/\/www.e-anjelik.sk\/index.php\/wp-json\/wp\/v2\/users\/2"}],"replies":[{"embeddable":true,"href":"https:\/\/www.e-anjelik.sk\/index.php\/wp-json\/wp\/v2\/comments?post=28846"}],"version-history":[{"count":0,"href":"https:\/\/www.e-anjelik.sk\/index.php\/wp-json\/wp\/v2\/posts\/28846\/revisions"}],"wp:attachment":[{"href":"https:\/\/www.e-anjelik.sk\/index.php\/wp-json\/wp\/v2\/media?parent=28846"}],"wp:term":[{"taxonomy":"category","embeddable":true,"href":"https:\/\/www.e-anjelik.sk\/index.php\/wp-json\/wp\/v2\/categories?post=28846"},{"taxonomy":"post_tag","embeddable":true,"href":"https:\/\/www.e-anjelik.sk\/index.php\/wp-json\/wp\/v2\/tags?post=28846"}],"curies":[{"name":"wp","href":"https:\/\/api.w.org\/{rel}","templated":true}]}}