{"id":28848,"date":"2015-08-21T03:41:24","date_gmt":"2015-08-21T01:41:24","guid":{"rendered":"http:\/\/www.evanjelik.sk\/?p=28848"},"modified":"2015-08-21T03:41:24","modified_gmt":"2015-08-21T01:41:24","slug":"biskup-pavel-levuskan-na-vizitacii-v-stokholme","status":"publish","type":"post","link":"https:\/\/www.e-anjelik.sk\/index.php\/2015\/08\/21\/biskup-pavel-levuskan-na-vizitacii-v-stokholme\/","title":{"rendered":"Biskup Pavel Levu\u0161kan na vizit\u00e1cii v \u0160tokholme"},"content":{"rendered":"<p>Biskup Evanjelicko-luter\u00e1nskej cirkvi AV v Rusku Pavel Levu\u0161kan v mesiaci apr\u00edli t.r. uskuto\u010dnil vizit\u00e1ciu cirkevn\u00e9ho zboru sv. Petra v \u0160tokholme. Ide o rusk\u00fd luter\u00e1nsky zbor, ktor\u00fd u\u017e dva roky duchovne spravuje far\u00e1r Rustam Garipov. \u010clenov zboru tvoria Rusi luter\u00e1nskeho vyznania, ktor\u00ed sa pris\u0165ahovali do \u0160v\u00e9dska z Ruska, Est\u00f3nska a Loty\u0161ska a in\u00fdch kraj\u00edn. Po\u010das slu\u017eieb Bo\u017e\u00edch v nede\u013eu 9. apr\u00edla biskup Levu\u0161kan vykonal aj sviatos\u0165 sv. krstu mal\u00e9mu chlapcovi. V r\u00e1mci vizit\u00e1cie sa stretol na rozhovoroch s biskupom \u0161v\u00e9dskej \u00a0Misijnej provincie Goeranom Beyerom a tie\u017e s emeritn\u00fdm biskupom Apo\u0161tolskej episkop\u00e1lnej (anglik\u00e1nskej ) cirkvi Nillsom Bertilom Perssonom. Obe strany vyjadrili \u017eelanie preh\u013abi\u0165 dvojstrann\u00fa spolupr\u00e1cu. Za t\u00fdm \u00fa\u010delom ich pozval na bud\u00faci rok 2016 na odborn\u00e9 predn\u00e1\u0161ky do Ruska.<\/p>\n<p>(www.Luther.ru)<\/p>\n","protected":false},"excerpt":{"rendered":"<p>Biskup Evanjelicko-luter\u00e1nskej cirkvi AV v Rusku Pavel Levu\u0161kan v mesiaci apr\u00edli t.r. uskuto\u010dnil vizit\u00e1ciu cirkevn\u00e9ho zboru sv. Petra v \u0160tokholme. Ide o rusk\u00fd luter\u00e1nsky zbor, ktor\u00fd u\u017e dva roky duchovne spravuje far\u00e1r Rustam Garipov. \u010clenov zboru tvoria Rusi luter\u00e1nskeho vyznania, ktor\u00ed sa pris\u0165ahovali do \u0160v\u00e9dska z Ruska, Est\u00f3nska a Loty\u0161ska a in\u00fdch kraj\u00edn. Po\u010das slu\u017eieb &#8230; <a title=\"Biskup Pavel Levu\u0161kan na vizit\u00e1cii v \u0160tokholme\" class=\"read-more\" href=\"https:\/\/www.e-anjelik.sk\/index.php\/2015\/08\/21\/biskup-pavel-levuskan-na-vizitacii-v-stokholme\/\" aria-label=\"Pre\u010d\u00edtajte si viac o Biskup Pavel Levu\u0161kan na vizit\u00e1cii v \u0160tokholme\">\u010c\u00edta\u0165 viac<\/a><\/p>\n","protected":false},"author":2,"featured_media":0,"comment_status":"open","ping_status":"open","sticky":false,"template":"","format":"standard","meta":{"footnotes":""},"categories":[1],"tags":[],"class_list":["post-28848","post","type-post","status-publish","format-standard","hentry","category-adventna-modlitba"],"_links":{"self":[{"href":"https:\/\/www.e-anjelik.sk\/index.php\/wp-json\/wp\/v2\/posts\/28848","targetHints":{"allow":["GET"]}}],"collection":[{"href":"https:\/\/www.e-anjelik.sk\/index.php\/wp-json\/wp\/v2\/posts"}],"about":[{"href":"https:\/\/www.e-anjelik.sk\/index.php\/wp-json\/wp\/v2\/types\/post"}],"author":[{"embeddable":true,"href":"https:\/\/www.e-anjelik.sk\/index.php\/wp-json\/wp\/v2\/users\/2"}],"replies":[{"embeddable":true,"href":"https:\/\/www.e-anjelik.sk\/index.php\/wp-json\/wp\/v2\/comments?post=28848"}],"version-history":[{"count":0,"href":"https:\/\/www.e-anjelik.sk\/index.php\/wp-json\/wp\/v2\/posts\/28848\/revisions"}],"wp:attachment":[{"href":"https:\/\/www.e-anjelik.sk\/index.php\/wp-json\/wp\/v2\/media?parent=28848"}],"wp:term":[{"taxonomy":"category","embeddable":true,"href":"https:\/\/www.e-anjelik.sk\/index.php\/wp-json\/wp\/v2\/categories?post=28848"},{"taxonomy":"post_tag","embeddable":true,"href":"https:\/\/www.e-anjelik.sk\/index.php\/wp-json\/wp\/v2\/tags?post=28848"}],"curies":[{"name":"wp","href":"https:\/\/api.w.org\/{rel}","templated":true}]}}