{"id":28850,"date":"2015-08-21T04:01:13","date_gmt":"2015-08-21T02:01:13","guid":{"rendered":"http:\/\/www.evanjelik.sk\/?p=28850"},"modified":"2015-08-21T04:01:13","modified_gmt":"2015-08-21T02:01:13","slug":"zomrel-superintendent-paul-weiland-v-rakusku","status":"publish","type":"post","link":"https:\/\/www.e-anjelik.sk\/index.php\/2015\/08\/21\/zomrel-superintendent-paul-weiland-v-rakusku\/","title":{"rendered":"Zomrel superintendent Paul Weiland v Rak\u00fasku"},"content":{"rendered":"<p>V nede\u013eu 16. augusta t. r. v St. Poelten\u00a0 n\u00e1hle a ne\u010dakane si P\u00e1n odvolal svojho vern\u00e9ho slu\u017eobn\u00edka superintendenta dolnorak\u00faskej diec\u00e9zy Evanjelickej cirkvi a. v. v Rak\u00fasku Paula Weilanda. Zomrel v nemocnici \u00a0na z\u00e1stavu srdca vo veku necel\u00fdch 66 rokov. \u00a0Evanjelick\u00e1, ekumenick\u00e1 i verejn\u00e1 odozva na jeho \u00famrtie je zna\u010dn\u00e1. Oce\u0148uj\u00fa ho ako vern\u00e9ho slu\u017eobn\u00edka, \u00faprimne \u017eij\u00faceho evanjelium. Do roku 1998 viedol v cirkvi medi\u00e1lnu pr\u00e1cu. Z tohto obdobia ho pozn\u00e1m osobne i ja. Bol vern\u00fdm priate\u013eom na\u0161ej cirkvi a Slovenska, mnoho razy n\u00e1s nav\u0161t\u00edvil, radil a pom\u00e1hal. Podobne aj my sme na jeho pozvanie n\u00e1v\u0161tevy op\u00e4tovali. Viedol zanietene medi\u00e1lne kurzy pre n\u00e1s pracovn\u00edkov z b\u00fdval\u00fdch socialistick\u00fdch \u0161t\u00e1tov v\u00fdchodnej a strednej Eur\u00f3py v r\u00e1mci men\u0161inov\u00fdch cirkv\u00ed SLZ.<\/p>\n<p>Pochovan\u00fd bude v piatok 21. augusta o 11,30 hodine na hlavnom cintor\u00edne v St. Poelten. Tr\u00fachloslu\u017eba bude v krajinskej kaplnke o 13,30 hodine. Povedie ju biskup ECAV v Rak\u00fasku M. Buenker.<\/p>\n<p>(www.evang.at)<\/p>\n","protected":false},"excerpt":{"rendered":"<p>V nede\u013eu 16. augusta t. r. v St. Poelten\u00a0 n\u00e1hle a ne\u010dakane si P\u00e1n odvolal svojho vern\u00e9ho slu\u017eobn\u00edka superintendenta dolnorak\u00faskej diec\u00e9zy Evanjelickej cirkvi a. v. v Rak\u00fasku Paula Weilanda. Zomrel v nemocnici \u00a0na z\u00e1stavu srdca vo veku necel\u00fdch 66 rokov. \u00a0Evanjelick\u00e1, ekumenick\u00e1 i verejn\u00e1 odozva na jeho \u00famrtie je zna\u010dn\u00e1. Oce\u0148uj\u00fa ho ako vern\u00e9ho slu\u017eobn\u00edka, &#8230; <a title=\"Zomrel superintendent Paul Weiland v Rak\u00fasku\" class=\"read-more\" href=\"https:\/\/www.e-anjelik.sk\/index.php\/2015\/08\/21\/zomrel-superintendent-paul-weiland-v-rakusku\/\" aria-label=\"Pre\u010d\u00edtajte si viac o Zomrel superintendent Paul Weiland v Rak\u00fasku\">\u010c\u00edta\u0165 viac<\/a><\/p>\n","protected":false},"author":2,"featured_media":0,"comment_status":"open","ping_status":"open","sticky":false,"template":"","format":"standard","meta":{"footnotes":""},"categories":[1],"tags":[],"class_list":["post-28850","post","type-post","status-publish","format-standard","hentry","category-adventna-modlitba"],"_links":{"self":[{"href":"https:\/\/www.e-anjelik.sk\/index.php\/wp-json\/wp\/v2\/posts\/28850","targetHints":{"allow":["GET"]}}],"collection":[{"href":"https:\/\/www.e-anjelik.sk\/index.php\/wp-json\/wp\/v2\/posts"}],"about":[{"href":"https:\/\/www.e-anjelik.sk\/index.php\/wp-json\/wp\/v2\/types\/post"}],"author":[{"embeddable":true,"href":"https:\/\/www.e-anjelik.sk\/index.php\/wp-json\/wp\/v2\/users\/2"}],"replies":[{"embeddable":true,"href":"https:\/\/www.e-anjelik.sk\/index.php\/wp-json\/wp\/v2\/comments?post=28850"}],"version-history":[{"count":0,"href":"https:\/\/www.e-anjelik.sk\/index.php\/wp-json\/wp\/v2\/posts\/28850\/revisions"}],"wp:attachment":[{"href":"https:\/\/www.e-anjelik.sk\/index.php\/wp-json\/wp\/v2\/media?parent=28850"}],"wp:term":[{"taxonomy":"category","embeddable":true,"href":"https:\/\/www.e-anjelik.sk\/index.php\/wp-json\/wp\/v2\/categories?post=28850"},{"taxonomy":"post_tag","embeddable":true,"href":"https:\/\/www.e-anjelik.sk\/index.php\/wp-json\/wp\/v2\/tags?post=28850"}],"curies":[{"name":"wp","href":"https:\/\/api.w.org\/{rel}","templated":true}]}}