{"id":28856,"date":"2015-08-24T17:55:22","date_gmt":"2015-08-24T15:55:22","guid":{"rendered":"http:\/\/www.evanjelik.sk\/?p=28856"},"modified":"2015-08-24T17:55:22","modified_gmt":"2015-08-24T15:55:22","slug":"posviacka-noveho-svatostanku-v-trnave","status":"publish","type":"post","link":"https:\/\/www.e-anjelik.sk\/index.php\/2015\/08\/24\/posviacka-noveho-svatostanku-v-trnave\/","title":{"rendered":"Posviacka nov\u00e9ho &#8222;sv\u00e4tost\u00e1nku&#8220; v Trnave"},"content":{"rendered":"<p><b>Posviacka nov\u00e9ho \u201csv\u00e4tost\u00e1nku\u201d v Trnave<\/b><\/p>\n<p>22.8. 2015 som mal mo\u017enos\u0165\u00a0 z\u00fa\u010dastni\u0165 sa \u201cposv\u00e4tenia\u201d nov\u00e9ho &#8211; ako sa viackr\u00e1t vyjadrili moder\u00e1tori &#8211; \u201c<b>sv\u00e4tost\u00e1nku<\/b>\u201d v slovenskom R\u00edme- Trnave.<\/p>\n<p>Vizu\u00e1lne ide do nov\u00fd futbalov\u00fd \u0161tadi\u00f3n s n\u00e1zvom: \u0161tadi\u00f3n <b>Anton\u00edna Malatinsk\u00e9ho,<\/b> nazvan\u00e9ho: <b>City ar\u00e9na. <\/b>V skuto\u010dnosti ide o osobn\u00fd majetok sv.Vladim\u00edra Po\u00f3ra, duchovn\u00e9ho syna sv.Vladim\u00edra Me\u010diara a p\u00e1na Roberta Fica. Predch\u00e1dzaj\u00faci mestsk\u00fd magistr\u00e1t sv. Vladim\u00edrovi\u00a0 predal pozemky k stavbe za 1.- (slovom jedno euro). V\u00e4\u010d\u0161inov\u00fd podiel darovala majite\u013eovi vl\u00e1da, a sv. V. Po\u00f3r si od b\u00e1nk po\u017ei\u010dal \u010fal\u0161\u00edch 13.mil \u00e9\u010diek, ktor\u00e9\u00a0 mo\u017eno bude aj spl\u00e1ca\u0165 z bud\u00facich v\u00fdnosov. Preto \u201c<b>prv\u00fd v\u00fdkop\u201d<\/b> urobil pr\u00e1ve on. Nevadilo mu, \u017ee ho n\u00e1rod vyp\u00edskala, ke\u010f\u017ee mnoh\u00ed sa c\u00edtili ako &#8211; do zadnej \u010dasti poni\u017ee chrb\u00e1ta-\u00a0 kopnut\u00fd. Teraj\u0161ie vedenie mesta rad\u0161ej nepri\u0161lo.<\/p>\n<p>Vrcholom nevkusu bolo tzv. posv\u00e4teniee \u0161tad\u00f3na ak\u00fdmsi zmanipulovan\u00fdm r\u00edm. kat. duchovn\u00fdm, ktor\u00fd tam drmolil q\u00e1zi modlitbu a pof\u0155kal \u0161tadi\u00f3n sv\u00e4tenou vodou. \u010cakalo sa, \u017ee bude posv\u00e4ten\u00e1 <b>kaplnka,<\/b> ktor\u00e1 je vo vn\u00fatorn\u00fdch priestoroch \u0161tadi\u00f3na, ale stalo sa viac!(?) Ist\u00e9 je, \u017ee tento akt kres\u0165anskej misii na Slovenku nepomohol. Mnoh\u00ed si iba zanad\u00e1vali a prispeli tak k posviacke svojsk\u00fdm sp\u00f4sobom. \u00dadajne, maketu \u0161tadi\u00f3na posv\u00e4til s\u00e1m r\u00edmsky p\u00e1pe\u017e, preto sa p\u00e1n far\u00e1rko nemus\u00ed b\u00e1\u0165, \u017ee bude z Trnavy vykopnut\u00fd ako arcibiskup Bez\u00e1k.<\/p>\n<p>Pod\u013ea priebehu osl\u00e1v by sa zdalo, \u017ee na \u0161tadi\u00f3ne bud\u00fa hra\u0165 futbal a zab\u00e1va\u0165 sa najm\u00e4 dva druhy \u013eud\u00ed:\u00a0 r\u00edmski katol\u00edci\u00a0 spolu s komunistami. T\u00fdchto priv\u00edtala zase \u010desk\u00e1 kapela, ktor\u00e1 sa pre zmenu predstavila pod obrovskou<b> \u010dervenou z\u00e1stavou s kos\u00e1kom a kladivom! Vrel\u00e9 d\u00edky, soudruzi!\u00a0<\/b><\/p>\n<p><b>\u00a0 \u00a0 \u00a0 <\/b>U\u017e pred otvoren\u00edm sa poloinkognito pri\u0161iel po\u010fakova\u0165 sponzorovi Smeru s\u00e1m ve\u013ek\u00fd mufti &#8211; birmovan\u00fd komunista Robert Fico. Takto nemusel nikomu vysvet\u013eova\u0165 \u010di pil, alebo nepil Coca Colu tam a tam, alebo ak\u00fd je moment\u00e1lny stav jeho a man\u017eelkinho \u00fa\u010dtu na Belize. Samozrejme, ani reklama Coly nech\u00fdbala v mega preveden\u00ed a v jej \u017eiare sa zab\u00e1vali, pop\u00edjali a srde\u010dne sa do kamier vy\u0161kierali z\u00e1stupy poskokov z vl\u00e1dnej \u0161t\u00e1tostrany.<\/p>\n<p>E\u0161te \u017ee pri\u0161li aj b\u00fdval\u00ed p\u00e1ni futbalisti z \u010dias skvel\u00e9ho Spartaka na \u010dele s Jozefom Adamcom a Karolom Dobi\u00e1\u0161om, a tie\u017e svel\u00ed b\u00fdval\u00ed internacion\u00e1li z Ajaxu Amsterdam. Spartakovci s\u00edce prehrali, ale v\u0161etci im to odpustili. Aspo\u0148 uk\u00e1zali, ako sa hra\u0165 m\u00e1. To sa u\u017e ned\u00e1 celkom poveda\u0165 o teraj\u0161ej garnit\u00fare Spartaka, ktor\u00fd prehral O: 2 ( a to e\u0161te musel by\u0165 r\u00e1d) s \u00f4smym man\u010daftom braz\u00edlskej ligy. Modlitba dp.far\u00e1ra ostala nevypo\u010dut\u00e1. Ak sem zase raz pr\u00eddu hra\u0165 Croyfovci, alebo azda Santosovci, zase sem p\u00f4jdem, napriek (zne)sv\u00e4teniu, ktor\u00e9 sa tu udialo.<\/p>\n<p>ag.tbc<\/p>\n","protected":false},"excerpt":{"rendered":"<p>Posviacka nov\u00e9ho \u201csv\u00e4tost\u00e1nku\u201d v Trnave 22.8. 2015 som mal mo\u017enos\u0165\u00a0 z\u00fa\u010dastni\u0165 sa \u201cposv\u00e4tenia\u201d nov\u00e9ho &#8211; ako sa viackr\u00e1t vyjadrili moder\u00e1tori &#8211; \u201csv\u00e4tost\u00e1nku\u201d v slovenskom R\u00edme- Trnave. Vizu\u00e1lne ide do nov\u00fd futbalov\u00fd \u0161tadi\u00f3n s n\u00e1zvom: \u0161tadi\u00f3n Anton\u00edna Malatinsk\u00e9ho, nazvan\u00e9ho: City ar\u00e9na. V skuto\u010dnosti ide o osobn\u00fd majetok sv.Vladim\u00edra Po\u00f3ra, duchovn\u00e9ho syna sv.Vladim\u00edra Me\u010diara a p\u00e1na Roberta &#8230; <a title=\"Posviacka nov\u00e9ho &#8222;sv\u00e4tost\u00e1nku&#8220; v Trnave\" class=\"read-more\" href=\"https:\/\/www.e-anjelik.sk\/index.php\/2015\/08\/24\/posviacka-noveho-svatostanku-v-trnave\/\" aria-label=\"Pre\u010d\u00edtajte si viac o Posviacka nov\u00e9ho &#8222;sv\u00e4tost\u00e1nku&#8220; v Trnave\">\u010c\u00edta\u0165 viac<\/a><\/p>\n","protected":false},"author":1,"featured_media":0,"comment_status":"open","ping_status":"open","sticky":false,"template":"","format":"standard","meta":{"footnotes":""},"categories":[1],"tags":[],"class_list":["post-28856","post","type-post","status-publish","format-standard","hentry","category-adventna-modlitba"],"_links":{"self":[{"href":"https:\/\/www.e-anjelik.sk\/index.php\/wp-json\/wp\/v2\/posts\/28856","targetHints":{"allow":["GET"]}}],"collection":[{"href":"https:\/\/www.e-anjelik.sk\/index.php\/wp-json\/wp\/v2\/posts"}],"about":[{"href":"https:\/\/www.e-anjelik.sk\/index.php\/wp-json\/wp\/v2\/types\/post"}],"author":[{"embeddable":true,"href":"https:\/\/www.e-anjelik.sk\/index.php\/wp-json\/wp\/v2\/users\/1"}],"replies":[{"embeddable":true,"href":"https:\/\/www.e-anjelik.sk\/index.php\/wp-json\/wp\/v2\/comments?post=28856"}],"version-history":[{"count":0,"href":"https:\/\/www.e-anjelik.sk\/index.php\/wp-json\/wp\/v2\/posts\/28856\/revisions"}],"wp:attachment":[{"href":"https:\/\/www.e-anjelik.sk\/index.php\/wp-json\/wp\/v2\/media?parent=28856"}],"wp:term":[{"taxonomy":"category","embeddable":true,"href":"https:\/\/www.e-anjelik.sk\/index.php\/wp-json\/wp\/v2\/categories?post=28856"},{"taxonomy":"post_tag","embeddable":true,"href":"https:\/\/www.e-anjelik.sk\/index.php\/wp-json\/wp\/v2\/tags?post=28856"}],"curies":[{"name":"wp","href":"https:\/\/api.w.org\/{rel}","templated":true}]}}