{"id":2886,"date":"2010-06-09T15:07:33","date_gmt":"2010-06-09T15:07:33","guid":{"rendered":"http:\/\/e-anjelik.sk\/?p=2886"},"modified":"2010-06-09T15:07:33","modified_gmt":"2010-06-09T15:07:33","slug":"spomienka-na-nespravodlivo-vaznene-zeny-v-zeliezovciach-a-sluzby-bozie-v-juri-nad-hronom","status":"publish","type":"post","link":"https:\/\/www.e-anjelik.sk\/index.php\/2010\/06\/09\/spomienka-na-nespravodlivo-vaznene-zeny-v-zeliezovciach-a-sluzby-bozie-v-juri-nad-hronom\/","title":{"rendered":"Spomienka na nespravodlivo v\u00e4znen\u00e9 \u017eeny v \u017deliezovciach a slu\u017eby Bo\u017eie v Juri nad Hronom"},"content":{"rendered":"<p><b style=\"\"><i style=\"\"><span style=\"font-family: &quot;Comic Sans MS&quot;;\"><o:p><\/o:p><\/span><\/i><\/b><b style=\"\"><i style=\"\"><span style=\"font-family: &quot;Comic Sans MS&quot;;\"><o:p><\/o:p><\/span><\/i><\/b><i style=\"\"><span style=\"font-family: &quot;Comic Sans MS&quot;;\"><b style=\"\"><o:p><\/o:p><\/b><\/span><\/i><br \/>\n<meta content=\"text\/html; charset=utf-8\" http-equiv=\"Content-Type\"><br \/>\n<meta content=\"Word.Document\" name=\"ProgId\"><br \/>\n<meta content=\"Microsoft Word 11\" name=\"Generator\"><br \/>\n<meta content=\"Microsoft Word 11\" name=\"Originator\">\n<link href=\"file:\/\/\/C:%5CDOCUME%7E1%5CPC5BF7%7E1.PC-%5CLOCALS%7E1%5CTemp%5Cmsohtml1%5C01%5Cclip_filelist.xml\" rel=\"File-List\" \/>\n<link href=\"file:\/\/\/C:%5CDOCUME%7E1%5CPC5BF7%7E1.PC-%5CLOCALS%7E1%5CTemp%5Cmsohtml1%5C01%5Cclip_editdata.mso\" rel=\"Edit-Time-Data\" \/><!--[if !mso]>\n\n\n<style>\nv\\:* {behavior:url(#default#VML);}\no\\:* {behavior:url(#default#VML);}\nw\\:* {behavior:url(#default#VML);}\n.shape {behavior:url(#default#VML);}\n<\/style>\n\n\n<![endif]--><!--[if gte mso 9]><xml>\n <w:WordDocument>\n  <w:View>Normal<\/w:View>\n  <w:Zoom>0<\/w:Zoom>\n  <w:HyphenationZone>21<\/w:HyphenationZone>\n  <w:PunctuationKerning\/>\n  <w:ValidateAgainstSchemas\/>\n  <w:SaveIfXMLInvalid>false<\/w:SaveIfXMLInvalid>\n  <w:IgnoreMixedContent>false<\/w:IgnoreMixedContent>\n  <w:AlwaysShowPlaceholderText>false<\/w:AlwaysShowPlaceholderText>\n  <w:Compatibility>\n   <w:BreakWrappedTables\/>\n   <w:SnapToGridInCell\/>\n   <w:WrapTextWithPunct\/>\n   <w:UseAsianBreakRules\/>\n   <w:DontGrowAutofit\/>\n  <\/w:Compatibility>\n  <w:BrowserLevel>MicrosoftInternetExplorer4<\/w:BrowserLevel>\n <\/w:WordDocument>\n<\/xml><![endif]--><!--[if gte mso 9]><xml>\n <w:LatentStyles DefLockedState=\"false\" LatentStyleCount=\"156\">\n <\/w:LatentStyles>\n<\/xml><![endif]--><\/p>\n<style type=\"text\/css\">\n<!--\n \/* Font Definitions *\/\n @font-face\n\t{font-family:\"Comic Sans MS\";\n\tpanose-1:3 15 7 2 3 3 2 2 2 4;\n\tmso-font-charset:238;\n\tmso-generic-font-family:script;\n\tmso-font-pitch:variable;\n\tmso-font-signature:647 0 0 0 159 0;}\n \/* Style Definitions *\/\n p.MsoNormal, li.MsoNormal, div.MsoNormal\n\t{mso-style-parent:\"\";\n\tmargin:0cm;\n\tmargin-bottom:.0001pt;\n\tmso-pagination:widow-orphan;\n\tfont-size:12.0pt;\n\tfont-family:\"Times New Roman\";\n\tmso-fareast-font-family:\"Times New Roman\";}\n@page Section1\n\t{size:612.0pt 792.0pt;\n\tmargin:70.85pt 70.85pt 70.85pt 70.85pt;\n\tmso-header-margin:35.4pt;\n\tmso-footer-margin:35.4pt;\n\tmso-paper-source:0;}\ndiv.Section1\n\t{page:Section1;}\n-->\n<\/style>\n<p><!--[if gte mso 10]>\n\n\n<style>\n \/* Style Definitions *\/\n table.MsoNormalTable\n\t{mso-style-name:\"Norm\u00e1lna tabu\u013eka\";\n\tmso-tstyle-rowband-size:0;\n\tmso-tstyle-colband-size:0;\n\tmso-style-noshow:yes;\n\tmso-style-parent:\"\";\n\tmso-padding-alt:0cm 5.4pt 0cm 5.4pt;\n\tmso-para-margin:0cm;\n\tmso-para-margin-bottom:.0001pt;\n\tmso-pagination:widow-orphan;\n\tfont-size:10.0pt;\n\tfont-family:\"Times New Roman\";\n\tmso-ansi-language:#0400;\n\tmso-fareast-language:#0400;\n\tmso-bidi-language:#0400;}\n<\/style>\n\n\n<![endif]--><\/p>\n<p align=\"center\" style=\"text-align: center;\" class=\"MsoNormal\"><b style=\"\"><i style=\"\"><span style=\"font-family: &quot;Comic Sans MS&quot;;\">Konfeder&aacute;cia politick&yacute;ch v&auml;z\u0148ov Slovenska<o:p><\/o:p><\/span><\/i><\/b><\/p>\n<p align=\"center\" style=\"text-align: center;\" class=\"MsoNormal\"><i style=\"\"><span style=\"font-family: &quot;Comic Sans MS&quot;;\"><span style=\"\">&nbsp;<\/span>V&aacute;s poz&yacute;va na spomienkov&eacute; stretnutie<o:p><\/o:p><\/span><\/i><i style=\"\"><span style=\"font-family: &quot;Comic Sans MS&quot;;\"><o:p><br \/>\n<\/o:p><\/span><\/i><\/p>\n<p align=\"center\" style=\"text-align: center;\" class=\"MsoNormal\"><i style=\"\"><span style=\"font-family: &quot;Comic Sans MS&quot;;\"><o:p><\/o:p><\/span><\/i><i style=\"\"><span style=\"font-family: &quot;Comic Sans MS&quot;;\"><o:p><\/o:p><\/span><\/i><i style=\"\"><span style=\"font-family: &quot;Comic Sans MS&quot;;\"><o:p><br \/>\n<\/o:p><\/span><\/i><\/p>\n<p align=\"center\" style=\"text-align: center;\" class=\"MsoNormal\"><b style=\"\"><i style=\"\"><span style=\"font-size: 18pt; font-family: &quot;Comic Sans MS&quot;;\">\u017dENY ZA OSTNAT&Yacute;MI DR<\/span><\/i><\/b><b style=\"\"><i style=\"\"><span style=\"font-size: 18pt; font-family: &quot;Comic Sans MS&quot;;\">&Ocirc;TMI <o:p><\/o:p><\/span><\/i><\/b><\/p>\n<p align=\"center\" style=\"text-align: center;\" class=\"MsoNormal\"><b style=\"\"><i style=\"\"><span style=\"font-size: 18pt; font-family: &quot;Comic Sans MS&quot;;\"><o:p><br \/>\n<\/o:p><\/span><\/i><\/b><\/p>\n<p align=\"center\" style=\"text-align: center;\" class=\"MsoNormal\"><b style=\"\"><i style=\"\"><span style=\"font-family: &quot;Comic Sans MS&quot;;\">Stretnutie sa uskuto\u010dn&iacute; 3. j&uacute;la 2010<o:p><\/o:p><\/span><\/i><\/b><\/p>\n<p align=\"center\" style=\"text-align: center;\" class=\"MsoNormal\">&nbsp;<\/p>\n<p align=\"center\" style=\"text-align: center;\" class=\"MsoNormal\"><i style=\"\"><span style=\"font-family: &quot;Comic Sans MS&quot;;\">Program:<b style=\"\"><o:p><\/o:p><\/b><\/span><\/i><b style=\"\"><i style=\"\"><span style=\"font-family: &quot;Comic Sans MS&quot;;\"><o:p><br \/>\n<\/o:p><\/span><\/i><\/b><\/p>\n<p align=\"center\" style=\"text-align: center;\" class=\"MsoNormal\"><i style=\"\"><span style=\"font-family: &quot;Comic Sans MS&quot;;\">10.00<b style=\"\"> Slu\u017eby Bo\u017eie v&nbsp;Evanjelickom a.v. chr&aacute;me<o:p><\/o:p><\/b><\/span><\/i><\/p>\n<p align=\"center\" style=\"text-align: center;\" class=\"MsoNormal\"><b style=\"\"><i style=\"\"><span style=\"font-family: &quot;Comic Sans MS&quot;;\">Bo\u017eom v&nbsp;Juri nad Hronom<o:p><\/o:p><\/span><\/i><\/b><\/p>\n<p align=\"center\" style=\"text-align: center;\" class=\"MsoNormal\"><i style=\"\"><span style=\"font-size: 11pt; font-family: &quot;Comic Sans MS&quot;;\">kazate\u013e: plk. Ing. Mgr .Jaroslav Balock&yacute;,<o:p><\/o:p><\/span><\/i><\/p>\n<p align=\"center\" style=\"text-align: center;\" class=\"MsoNormal\"><i style=\"\"><span style=\"font-size: 11pt; font-family: &quot;Comic Sans MS&quot;;\">gener&aacute;lny duchovn&yacute; &Uacute;stredia ekumenickej pastora\u010dnej slu\u017eby<o:p><\/o:p><\/span><\/i><\/p>\n<p align=\"center\" style=\"text-align: center;\" class=\"MsoNormal\"><i style=\"\"><span style=\"font-size: 11pt; font-family: &quot;Comic Sans MS&quot;;\">v&nbsp;ozbrojen&yacute;ch sil&aacute;ch SR a&nbsp;ozbrojen&yacute;ch zboroch SR<o:p><\/o:p><\/span><\/i><\/p>\n<p class=\"MsoNormal\"><b style=\"\"><i style=\"\"><span style=\"font-family: &quot;Comic Sans MS&quot;;\"><o:p>&nbsp;<\/o:p><\/span><\/i><\/b><\/p>\n<p align=\"center\" style=\"text-align: center;\" class=\"MsoNormal\"><i style=\"\"><span style=\"font-family: &quot;Comic Sans MS&quot;;\">11.00 <b style=\"\">Pietna spomienka a&nbsp;kladenie vencov pri pam&auml;tnej tabuli v&nbsp;&Uacute;VTOS \u017deliezovce-Nov&yacute; Dvor<o:p><\/o:p><\/b><\/span><\/i><b style=\"\"><i style=\"\"><span style=\"font-family: &quot;Comic Sans MS&quot;;\"><o:p>&nbsp;<\/o:p><\/span><\/i><\/b><\/p>\n<p align=\"center\" style=\"text-align: center;\" class=\"MsoNormal\"><b style=\"\"><i style=\"\"><span style=\"font-family: &quot;Comic Sans MS&quot;;\">Pr&iacute;hovory<o:p><\/o:p><\/span><\/i><\/b><\/p>\n<p align=\"center\" style=\"text-align: center;\" class=\"MsoNormal\"><i style=\"\"><span style=\"font-family: &quot;Comic Sans MS&quot;;\">Predstavitelia KPV <\/span><\/i><i style=\"\"><span style=\"font-family: &quot;Comic Sans MS&quot;;\">\u010cR, KPVS<\/span><\/i><i style=\"\"><span style=\"font-family: &quot;Comic Sans MS&quot;;\"><o:p><\/o:p><\/span><\/i><\/p>\n<p align=\"center\" style=\"text-align: center;\" class=\"MsoNormal\"><i style=\"\"><span style=\"font-family: &quot;Comic Sans MS&quot;;\"><o:p><\/o:p><\/span><\/i><i style=\"\"><span style=\"font-family: &quot;Comic Sans MS&quot;;\"><o:p> <br \/>\n<\/o:p><\/span><\/i><\/p>\n<p align=\"center\" style=\"text-align: center;\" class=\"MsoNormal\"><i style=\"\"><span style=\"font-family: &quot;Comic Sans MS&quot;;\">11.30 <b style=\"\">Semin&aacute;r<o:p><\/o:p><\/b><\/span><\/i><i style=\"\"><span style=\"font-family: &quot;Comic Sans MS&quot;;\"><o:p><br \/>\n<\/o:p><\/span><\/i><\/p>\n<p align=\"center\" style=\"margin-left: 34pt; text-align: center; text-indent: -34pt;\" class=\"MsoNormal\"><b style=\"\"><i style=\"\"><span style=\"font-family: &quot;Comic Sans MS&quot;;\"><span style=\"\">&nbsp;<\/span>Spomienky b&yacute;val&yacute;ch politick&yacute;ch v&auml;zenk&yacute;\u0148<o:p><\/o:p><\/span><\/i><\/b><\/p>\n<p align=\"center\" style=\"margin-left: 34pt; text-align: center; text-indent: -34pt;\" class=\"MsoNormal\"><b style=\"\"><i style=\"\"><span style=\"font-family: &quot;Comic Sans MS&quot;;\"><span style=\"\">&nbsp;<\/span>v&auml;znen&yacute;ch v&nbsp;\u017deliezovciach<o:p><\/o:p><\/span><\/i><\/b><\/p>\n<p align=\"center\" style=\"margin-left: 34pt; text-align: center; text-indent: -34pt;\" class=\"MsoNormal\"><b style=\"\"><i style=\"\"><span style=\"font-family: &quot;Comic Sans MS&quot;;\">a&nbsp;ich rodinn&yacute;ch pr&iacute;slu&scaron;n&iacute;kov <o:p><\/o:p><\/span><\/i><\/b><\/p>\n<p><\/meta><br \/>\n<\/meta><br \/>\n<\/meta><br \/>\n<\/meta><\/p>\n","protected":false},"excerpt":{"rendered":"<p>Konfeder&aacute;cia politick&yacute;ch v&auml;z\u0148ov Slovenska &nbsp;V&aacute;s poz&yacute;va na spomienkov&eacute; stretnutie \u017dENY ZA OSTNAT&Yacute;MI DR&Ocirc;TMI Stretnutie sa uskuto\u010dn&iacute; 3. j&uacute;la 2010 &nbsp; Program: 10.00 Slu\u017eby Bo\u017eie v&nbsp;Evanjelickom a.v. chr&aacute;me Bo\u017eom v&nbsp;Juri nad Hronom kazate\u013e: plk. Ing. Mgr .Jaroslav Balock&yacute;, gener&aacute;lny duchovn&yacute; &Uacute;stredia ekumenickej pastora\u010dnej slu\u017eby v&nbsp;ozbrojen&yacute;ch sil&aacute;ch SR a&nbsp;ozbrojen&yacute;ch zboroch SR &nbsp; 11.00 Pietna spomienka a&nbsp;kladenie vencov &#8230; <a title=\"Spomienka na nespravodlivo v\u00e4znen\u00e9 \u017eeny v \u017deliezovciach a slu\u017eby Bo\u017eie v Juri nad Hronom\" class=\"read-more\" href=\"https:\/\/www.e-anjelik.sk\/index.php\/2010\/06\/09\/spomienka-na-nespravodlivo-vaznene-zeny-v-zeliezovciach-a-sluzby-bozie-v-juri-nad-hronom\/\" aria-label=\"Pre\u010d\u00edtajte si viac o Spomienka na nespravodlivo v\u00e4znen\u00e9 \u017eeny v \u017deliezovciach a slu\u017eby Bo\u017eie v Juri nad Hronom\">\u010c\u00edta\u0165 viac<\/a><\/p>\n","protected":false},"author":62,"featured_media":0,"comment_status":"open","ping_status":"open","sticky":false,"template":"","format":"standard","meta":{"footnotes":""},"categories":[1],"tags":[],"class_list":["post-2886","post","type-post","status-publish","format-standard","hentry","category-adventna-modlitba"],"_links":{"self":[{"href":"https:\/\/www.e-anjelik.sk\/index.php\/wp-json\/wp\/v2\/posts\/2886","targetHints":{"allow":["GET"]}}],"collection":[{"href":"https:\/\/www.e-anjelik.sk\/index.php\/wp-json\/wp\/v2\/posts"}],"about":[{"href":"https:\/\/www.e-anjelik.sk\/index.php\/wp-json\/wp\/v2\/types\/post"}],"author":[{"embeddable":true,"href":"https:\/\/www.e-anjelik.sk\/index.php\/wp-json\/wp\/v2\/users\/62"}],"replies":[{"embeddable":true,"href":"https:\/\/www.e-anjelik.sk\/index.php\/wp-json\/wp\/v2\/comments?post=2886"}],"version-history":[{"count":0,"href":"https:\/\/www.e-anjelik.sk\/index.php\/wp-json\/wp\/v2\/posts\/2886\/revisions"}],"wp:attachment":[{"href":"https:\/\/www.e-anjelik.sk\/index.php\/wp-json\/wp\/v2\/media?parent=2886"}],"wp:term":[{"taxonomy":"category","embeddable":true,"href":"https:\/\/www.e-anjelik.sk\/index.php\/wp-json\/wp\/v2\/categories?post=2886"},{"taxonomy":"post_tag","embeddable":true,"href":"https:\/\/www.e-anjelik.sk\/index.php\/wp-json\/wp\/v2\/tags?post=2886"}],"curies":[{"name":"wp","href":"https:\/\/api.w.org\/{rel}","templated":true}]}}