{"id":28874,"date":"2015-08-26T11:00:26","date_gmt":"2015-08-26T09:00:26","guid":{"rendered":"http:\/\/www.evanjelik.sk\/?p=28874"},"modified":"2015-08-26T11:00:26","modified_gmt":"2015-08-26T09:00:26","slug":"instalacia-saskeho-biskupa","status":"publish","type":"post","link":"https:\/\/www.e-anjelik.sk\/index.php\/2015\/08\/26\/instalacia-saskeho-biskupa\/","title":{"rendered":"In\u0161tal\u00e1cia sask\u00e9ho biskupa"},"content":{"rendered":"<p>V sobotu 29. augusta t . r. bude v Chr\u00e1me sv. Kr\u00ed\u017ea (Kreuzkirche) v Dr\u00e1\u017e\u010fanoch in\u0161tal\u00e1cia nov\u00e9ho biskupa Ev. luter\u00e1nskej krajinskej cirkvi Saska , 47-ro\u010dn\u00e9ho Carstena Rentzinga. Predt\u00fdm bude sa l\u00fa\u010di\u0165 predch\u00e1dzaj\u00faci krajinsk\u00fd biskup Jochen Bohl, ktor\u00fd ako krajinsk\u00fd biskup sl\u00fa\u017eil 11 rokov . In\u0161tal\u00e1ciu vykon\u00e1 ved\u00faci biskup VELKD Gerhard Ulrich zo Schwerinu. Na sl\u00e1vnosti bud\u00fa pr\u00edtomn\u00ed hostia z dom\u00e1cej ekum\u00e9ny i partnersk\u00fdch cirkv\u00ed zo zahrani\u010dia (Anglicko, India, Loty\u0161sko, Rusko, \u0160v\u00e9dsko, \u010cesko a Po\u013esko).<\/p>\n<p>(www.evlks.de)<\/p>\n","protected":false},"excerpt":{"rendered":"<p>V sobotu 29. augusta t . r. bude v Chr\u00e1me sv. Kr\u00ed\u017ea (Kreuzkirche) v Dr\u00e1\u017e\u010fanoch in\u0161tal\u00e1cia nov\u00e9ho biskupa Ev. luter\u00e1nskej krajinskej cirkvi Saska , 47-ro\u010dn\u00e9ho Carstena Rentzinga. Predt\u00fdm bude sa l\u00fa\u010di\u0165 predch\u00e1dzaj\u00faci krajinsk\u00fd biskup Jochen Bohl, ktor\u00fd ako krajinsk\u00fd biskup sl\u00fa\u017eil 11 rokov . In\u0161tal\u00e1ciu vykon\u00e1 ved\u00faci biskup VELKD Gerhard Ulrich zo Schwerinu. Na sl\u00e1vnosti &#8230; <a title=\"In\u0161tal\u00e1cia sask\u00e9ho biskupa\" class=\"read-more\" href=\"https:\/\/www.e-anjelik.sk\/index.php\/2015\/08\/26\/instalacia-saskeho-biskupa\/\" aria-label=\"Pre\u010d\u00edtajte si viac o In\u0161tal\u00e1cia sask\u00e9ho biskupa\">\u010c\u00edta\u0165 viac<\/a><\/p>\n","protected":false},"author":2,"featured_media":0,"comment_status":"open","ping_status":"open","sticky":false,"template":"","format":"standard","meta":{"footnotes":""},"categories":[1],"tags":[],"class_list":["post-28874","post","type-post","status-publish","format-standard","hentry","category-adventna-modlitba"],"_links":{"self":[{"href":"https:\/\/www.e-anjelik.sk\/index.php\/wp-json\/wp\/v2\/posts\/28874","targetHints":{"allow":["GET"]}}],"collection":[{"href":"https:\/\/www.e-anjelik.sk\/index.php\/wp-json\/wp\/v2\/posts"}],"about":[{"href":"https:\/\/www.e-anjelik.sk\/index.php\/wp-json\/wp\/v2\/types\/post"}],"author":[{"embeddable":true,"href":"https:\/\/www.e-anjelik.sk\/index.php\/wp-json\/wp\/v2\/users\/2"}],"replies":[{"embeddable":true,"href":"https:\/\/www.e-anjelik.sk\/index.php\/wp-json\/wp\/v2\/comments?post=28874"}],"version-history":[{"count":0,"href":"https:\/\/www.e-anjelik.sk\/index.php\/wp-json\/wp\/v2\/posts\/28874\/revisions"}],"wp:attachment":[{"href":"https:\/\/www.e-anjelik.sk\/index.php\/wp-json\/wp\/v2\/media?parent=28874"}],"wp:term":[{"taxonomy":"category","embeddable":true,"href":"https:\/\/www.e-anjelik.sk\/index.php\/wp-json\/wp\/v2\/categories?post=28874"},{"taxonomy":"post_tag","embeddable":true,"href":"https:\/\/www.e-anjelik.sk\/index.php\/wp-json\/wp\/v2\/tags?post=28874"}],"curies":[{"name":"wp","href":"https:\/\/api.w.org\/{rel}","templated":true}]}}