{"id":28876,"date":"2015-08-26T11:10:01","date_gmt":"2015-08-26T09:10:01","guid":{"rendered":"http:\/\/www.evanjelik.sk\/?p=28876"},"modified":"2015-08-26T11:10:01","modified_gmt":"2015-08-26T09:10:01","slug":"teologicka-fakulta-v-zahrebe-sucast-univerzity","status":"publish","type":"post","link":"https:\/\/www.e-anjelik.sk\/index.php\/2015\/08\/26\/teologicka-fakulta-v-zahrebe-sucast-univerzity\/","title":{"rendered":"Teologick\u00e1 fakulta v Z\u00e1hrebe &#8211; s\u00fa\u010das\u0165 univerzity"},"content":{"rendered":"<p>Protestantsk\u00e1 teologick\u00e1 fakulta v Z\u00e1hrebe je od j\u00fala t.r. s\u00fa\u010das\u0165ou univerzity. Fakulta bola zalo\u017een\u00e1 v r. 1976 a doteraz sa \u00a0zmietala\u00a0 v rozli\u010dn\u00fdch probl\u00e9moch. Teraz bude ma\u0165 priestory v univerzite a aj platy u\u010dite\u013eov pokryje univerzita. T.\u010d. \u0161tuduje na nej 80 \u0161tudentov rozli\u010dn\u00fdch protestantsk\u00fdch cirkv\u00ed a denomin\u00e1ci\u00ed v Chorv\u00e1tsku.<\/p>\n<p>(www.gustav-adolf-werk.de)<\/p>\n","protected":false},"excerpt":{"rendered":"<p>Protestantsk\u00e1 teologick\u00e1 fakulta v Z\u00e1hrebe je od j\u00fala t.r. s\u00fa\u010das\u0165ou univerzity. Fakulta bola zalo\u017een\u00e1 v r. 1976 a doteraz sa \u00a0zmietala\u00a0 v rozli\u010dn\u00fdch probl\u00e9moch. Teraz bude ma\u0165 priestory v univerzite a aj platy u\u010dite\u013eov pokryje univerzita. T.\u010d. \u0161tuduje na nej 80 \u0161tudentov rozli\u010dn\u00fdch protestantsk\u00fdch cirkv\u00ed a denomin\u00e1ci\u00ed v Chorv\u00e1tsku. (www.gustav-adolf-werk.de)<\/p>\n","protected":false},"author":2,"featured_media":0,"comment_status":"open","ping_status":"open","sticky":false,"template":"","format":"standard","meta":{"footnotes":""},"categories":[1],"tags":[],"class_list":["post-28876","post","type-post","status-publish","format-standard","hentry","category-adventna-modlitba"],"_links":{"self":[{"href":"https:\/\/www.e-anjelik.sk\/index.php\/wp-json\/wp\/v2\/posts\/28876","targetHints":{"allow":["GET"]}}],"collection":[{"href":"https:\/\/www.e-anjelik.sk\/index.php\/wp-json\/wp\/v2\/posts"}],"about":[{"href":"https:\/\/www.e-anjelik.sk\/index.php\/wp-json\/wp\/v2\/types\/post"}],"author":[{"embeddable":true,"href":"https:\/\/www.e-anjelik.sk\/index.php\/wp-json\/wp\/v2\/users\/2"}],"replies":[{"embeddable":true,"href":"https:\/\/www.e-anjelik.sk\/index.php\/wp-json\/wp\/v2\/comments?post=28876"}],"version-history":[{"count":0,"href":"https:\/\/www.e-anjelik.sk\/index.php\/wp-json\/wp\/v2\/posts\/28876\/revisions"}],"wp:attachment":[{"href":"https:\/\/www.e-anjelik.sk\/index.php\/wp-json\/wp\/v2\/media?parent=28876"}],"wp:term":[{"taxonomy":"category","embeddable":true,"href":"https:\/\/www.e-anjelik.sk\/index.php\/wp-json\/wp\/v2\/categories?post=28876"},{"taxonomy":"post_tag","embeddable":true,"href":"https:\/\/www.e-anjelik.sk\/index.php\/wp-json\/wp\/v2\/tags?post=28876"}],"curies":[{"name":"wp","href":"https:\/\/api.w.org\/{rel}","templated":true}]}}