{"id":28878,"date":"2015-08-26T11:41:31","date_gmt":"2015-08-26T09:41:31","guid":{"rendered":"http:\/\/www.evanjelik.sk\/?p=28878"},"modified":"2015-08-26T11:41:31","modified_gmt":"2015-08-26T09:41:31","slug":"vyrocne-zasadnutie-wels","status":"publish","type":"post","link":"https:\/\/www.e-anjelik.sk\/index.php\/2015\/08\/26\/vyrocne-zasadnutie-wels\/","title":{"rendered":"V\u00fdro\u010dn\u00e9 zasadnutie WELS"},"content":{"rendered":"<p>Posledn\u00fd j\u00falov\u00fd v\u00edkend 2015 sa v Michiganskom luter\u00e1nskom semin\u00e1ri v Saginaw, Mich. , USA, konalo v\u00fdro\u010dn\u00e9, v porad\u00ed 63. zasadnutie WELS &#8211; Wisconsin Evangelical Lutheran Synod. Pr\u00edsne konzervat\u00edvnu luter\u00e1nsku cirkev zastupovalo 400 volen\u00fdch\u00a0deleg\u00e1tov. T\u00e9mou zasadnutia bolo &#8220; One in Christ&#8220; (Jedno v Kristovi). Na dvojd\u0148ovom stretnut\u00ed sa konala biblick\u00e1 pr\u00e1ca, medit\u00e1cie, vypo\u010duli si hodnotiace spr\u00e1vy o \u010dinnosti cirkvi, prerokovali slu\u017eobn\u00e9 poriadky u\u010dite\u013eov, vyjadrili s\u00fahlas s pokra\u010dovan\u00edm teologick\u00fdch rozhovorov s Misurskou synodou a Cirkvou Luter\u00e1nskeho vyznania, schv\u00e1lili rozpo\u010det cirkvi a vykonali vo\u013eby. Na zasadnut\u00ed ako hos\u0165 bol pr\u00edtomn\u00fd biskup Ukrajinskej luter\u00e1nskej cirkvi Vja\u010deslav Horpyn\u010duk, s ktorou m\u00e1 WELS partnerstvo. Prezidentom WELS ost\u00e1va aj na\u010falej Rev. Mark G. Schroeder.<\/p>\n<p>(wels.net)<\/p>\n<p>&nbsp;<\/p>\n","protected":false},"excerpt":{"rendered":"<p>Posledn\u00fd j\u00falov\u00fd v\u00edkend 2015 sa v Michiganskom luter\u00e1nskom semin\u00e1ri v Saginaw, Mich. , USA, konalo v\u00fdro\u010dn\u00e9, v porad\u00ed 63. zasadnutie WELS &#8211; Wisconsin Evangelical Lutheran Synod. Pr\u00edsne konzervat\u00edvnu luter\u00e1nsku cirkev zastupovalo 400 volen\u00fdch\u00a0deleg\u00e1tov. T\u00e9mou zasadnutia bolo &#8220; One in Christ&#8220; (Jedno v Kristovi). Na dvojd\u0148ovom stretnut\u00ed sa konala biblick\u00e1 pr\u00e1ca, medit\u00e1cie, vypo\u010duli si hodnotiace spr\u00e1vy &#8230; <a title=\"V\u00fdro\u010dn\u00e9 zasadnutie WELS\" class=\"read-more\" href=\"https:\/\/www.e-anjelik.sk\/index.php\/2015\/08\/26\/vyrocne-zasadnutie-wels\/\" aria-label=\"Pre\u010d\u00edtajte si viac o V\u00fdro\u010dn\u00e9 zasadnutie WELS\">\u010c\u00edta\u0165 viac<\/a><\/p>\n","protected":false},"author":2,"featured_media":0,"comment_status":"open","ping_status":"open","sticky":false,"template":"","format":"standard","meta":{"footnotes":""},"categories":[1],"tags":[],"class_list":["post-28878","post","type-post","status-publish","format-standard","hentry","category-adventna-modlitba"],"_links":{"self":[{"href":"https:\/\/www.e-anjelik.sk\/index.php\/wp-json\/wp\/v2\/posts\/28878","targetHints":{"allow":["GET"]}}],"collection":[{"href":"https:\/\/www.e-anjelik.sk\/index.php\/wp-json\/wp\/v2\/posts"}],"about":[{"href":"https:\/\/www.e-anjelik.sk\/index.php\/wp-json\/wp\/v2\/types\/post"}],"author":[{"embeddable":true,"href":"https:\/\/www.e-anjelik.sk\/index.php\/wp-json\/wp\/v2\/users\/2"}],"replies":[{"embeddable":true,"href":"https:\/\/www.e-anjelik.sk\/index.php\/wp-json\/wp\/v2\/comments?post=28878"}],"version-history":[{"count":0,"href":"https:\/\/www.e-anjelik.sk\/index.php\/wp-json\/wp\/v2\/posts\/28878\/revisions"}],"wp:attachment":[{"href":"https:\/\/www.e-anjelik.sk\/index.php\/wp-json\/wp\/v2\/media?parent=28878"}],"wp:term":[{"taxonomy":"category","embeddable":true,"href":"https:\/\/www.e-anjelik.sk\/index.php\/wp-json\/wp\/v2\/categories?post=28878"},{"taxonomy":"post_tag","embeddable":true,"href":"https:\/\/www.e-anjelik.sk\/index.php\/wp-json\/wp\/v2\/tags?post=28878"}],"curies":[{"name":"wp","href":"https:\/\/api.w.org\/{rel}","templated":true}]}}