{"id":28881,"date":"2015-08-27T22:56:39","date_gmt":"2015-08-27T20:56:39","guid":{"rendered":"http:\/\/www.evanjelik.sk\/?p=28881"},"modified":"2015-08-27T22:56:39","modified_gmt":"2015-08-27T20:56:39","slug":"synoda-udajne-dala-stop-neporiadkom","status":"publish","type":"post","link":"https:\/\/www.e-anjelik.sk\/index.php\/2015\/08\/27\/synoda-udajne-dala-stop-neporiadkom\/","title":{"rendered":"Synoda (\u00fadajne) dala stop neporiadkom"},"content":{"rendered":"<p>&nbsp;<\/p>\n<p>Z najnov\u0161ieho \u010d\u00edsla EPST (8\/2015) sa dozved\u00e1me ve\u013ea zauj\u00edmavost\u00ed. Najv\u00e4\u010d\u0161ia je t\u00e1, \u017ee <i>\u201csynoda (12.- 13.6. v Nov\u00fdch Z\u00e1mkoch ) dala stop neporiadkom\u201d.<\/i> Kie\u017e by to bola pravda. Zo spravodajstva sa v\u0161ak dozved\u00e1me, \u017ee\u00a0 hne\u010f \u00favodn\u00e1 vec sa do poriadku nedala.<\/p>\n<p><i>\u201d Di\u0161triktu\u00e1lny dozorca VD J\u00e1n Brozman sa odmietol ospravedlni\u0165 synod\u00e1lom za to, \u017ee ich zav\u00e1dza. D.Vagask\u00fd, riadite\u013e GB\u00da,\u00a0 \u00a0 \u00a0 infomoval, \u017ee synod\u00e1li dostali pred konan\u00edm synody list, v ktorom spochyb\u0148uje krytie fondov re\u00e1lnymi peniazmi.\u00a0 &#8211; Hoci D.Vagask\u00fd svoje tvrdenie dolo\u017eil z\u00e1pisnicou a dal prehra\u0165 aj zvukov\u00fd z\u00e1znam z rokovania minuloro\u010dnej synody, na ospravedlnenie J.Brozmana \u010dakal m\u00e1rne. Ten t\u00fato po\u017eiadavku razantne odmietol a trval na tom, \u017ee na synode po\u010dul to, \u010do nap\u00edsal do listu\u201d.\u00a0<\/i><\/p>\n<p><i>Ak je to tak, vyzer\u00e1 to sk\u00f4r ako pokra\u010dovanie neporiadku.\u00a0<\/i><\/p>\n<ul>\n<li><i>\u00a0 <\/i>Napomenutie dostalo aj cel\u00e9 predsedn\u00edctvo VD ( Brozman, Sabol)<i> za to, \u017ee \u201c VD ECAV protipr\u00e1vne vymenovalo administr\u00e1torov seniora v pr\u00edpade, \u017ee senior\u00e1t\u00a0 m\u00e1 riadne zvolen\u00fdch konseniorov\u201d<\/i>.<\/li>\n<li>\u201c<i>Di\u0161triktu\u00e1lni dozorcovia J.Brozman a V.Dani\u0161\u00a0 a dal\u0161\u00ed boli inici\u00e1tormi\u00a0 listu : Vyhl\u00e1senie k aktu\u00e1lnej situ\u00e1cii &#8211; ved\u00faceho \u00faradu VD D.Cinu a Rady star\u0161\u00edch\u00a0 SEM\u00a0 k disciplin\u00e1rnemu potrestaniu far\u00e1ra \u0160efranka a in\u00e9 obvinenia, predsedn\u00edctva cirkvi.\u201d\u00a0 GP ale prijalo uznesenie, ktor\u00fdm sa prihl\u00e1silo k stanovisku Predsedn\u00edctva ECAV\u201d<\/i>.<\/li>\n<\/ul>\n<p>&nbsp;<\/p>\n<p>Na druhej strane sa vraj \u201c<i>ospravedlnil konsenior Dubek za to, \u017ee svoj\u00edm konan\u00edm prispel k tomu, \u017ee zabr\u00e1nil vykonaniu kontroly v spolo\u010dnosti Reformata s.r.o. t\u00fdm, \u017ee Hontiansky senior\u00e1t\u00a0 podal odvolanie proti prijat\u00e9mu uzneseniu na vykonanie kontroly v Reformate po tom, ako ho osbne nav\u0161t\u00edvil V.Dani\u0161 s po\u017eiadavkou na odvolanie. Dubek kon\u0161tatoval, \u017ee V.Dani\u0161ovi d\u00f4veroval, no teraz to \u013eutuje a dl\u017e\u00ed za to ospravedlnenie vtedaj\u0161iemu gener\u00e1lnemu dozorcovi P.Delingovi\u201d.\u00a0<\/i><\/p>\n<p><i>\u00a0 \u00a0 \u00a0<\/i><\/p>\n<p><i>\u00a0\u00a0 \u00a0 <\/i>Kto vie, pre\u010do iba br.Delingovi a nie celej ECAV? Zd\u00e1 sa, \u017ee br.konsenior prep\u00e1sol pr\u00edle\u017eitos\u0165 vzda\u0165 sa funkcie a da\u0165 tak dobr\u00fd\u00a0 pr\u00edklad aj br.V.Dani\u0161ovi a J.Brozmanovi.<\/p>\n<p><i>\u00a0 \u00a0 \u00a0 <\/i>Lebo<i>, <\/i>ako uviedol D.Midriak, predseda ZED: <i>\u201cSpolo\u010dnos\u0165 Reformata konala proti cirkvi a jej konanie mo\u017eno pova\u017eova\u0165 za vyvedenie majetku z cirkvi\u201d\u00a0<\/i><\/p>\n<p><i>\u00a0 \u00a0 \u00a0 <\/i>Kedysi sa tomu hovorilo sprenevera, alebo kr\u00e1de\u017e atp. Treba ale oceni\u0165 tento slovn\u00fd novotvar na star\u00fd hriech, ktor\u00fd Desatoro pomen\u00fava: Nepokradne\u0161! A \u010do s \u00fa\u010dtovn\u00ed\u010dkou, ktor\u00e1 si dovol\u00ed nepredlo\u017ei\u0165 cirkvi \u00fa\u010dty z jej vlastn\u00e9ho majetku?<\/p>\n<p>&nbsp;<\/p>\n<p>Ospravedlnil sa aj V. Synak, aktor\u00fd ako predseda gener\u00e1lneho hospod\u00e1rskeho v\u00fdboru nekonal a k tomu aj uv\u00e1dzal synodu do omylu. Zrejme u synod\u00e1lov zabrala kaj\u00faca modlitba, ktor\u00fa pri tejto pr\u00edle\u017eitosti zlo\u017eil.<\/p>\n<p>Skuto\u010dnou novotou je v\u0161ak spr\u00e1va z druh\u00e9ho \u010dl\u00e1nku: <i>\u201dImrich Luk\u00e1\u010d: Synoda dala n\u00e1dej\u201d.<\/i> Dozved\u00e1me sa o tom, \u017ee di\u0161triktu\u00e1lny dozorca Vladim\u00edr Dani\u0161, ktor\u00fd by mal dozera\u0165 na majetok a z\u00e1konnos\u0165 v di\u0161trikte, <i>\u201cza\u017ealoval ECAV na krajskom s\u00fade\u201d<\/i>!!? &#8211; Je v\u0161ak u\u017e zn\u00e1my aj v\u00fdsledok rozhodnutia s\u00fadu:<i> \u201d Okresn\u00fd s\u00fad Bratislava I. zo d\u0148a 1.12. 2014 rozhodol, \u017ee odmieta prija\u0165 predbe\u017en\u00e9 opatrenia a zak\u00e1za\u0165 predsedn\u00edctvu cirkvi kona\u0165 v tejto veci. Krajsk\u00fd Bratislava ktor\u00fd odvolanie rie\u0161il 25.2.2015, potvrdil rozhodnutie Okresn\u00e9ho s\u00fadu Bratislava I. \u201c <\/i><\/p>\n<p>Brat gen. dozorca Imrich Luk\u00e1\u010d uv\u00e1dza aj \u010fal\u0161ie nepr\u00edstojnosti v hospod\u00e1rskej i duchovnej oblasti, ktor\u00e9 vlastne pokra\u010duj\u00fa. Nebudem ich uv\u00e1dza\u0165 &#8211; \u010d\u00edtajte EPST \u010falej. Iba sa ako \u010dlen ECAV p\u00fdtam, \u010do e\u0161te by mali t\u00edto p\u00e1ni vykona\u0165, aby pr\u00edslu\u0161n\u00e9 org\u00e1ny cirkvi, ktor\u00e9 doty\u010dn\u00fdch zvolili za svojich cirkevn\u00fdch predstvite\u013eov ich aj odvolali? To pravda\u017ee nie je trest, ale oby\u010dajn\u00e1 zodpovednos\u0165 cirkevn\u00edkov.<\/p>\n<p>\u013d.Batka st.<\/p>\n","protected":false},"excerpt":{"rendered":"<p>&nbsp; Z najnov\u0161ieho \u010d\u00edsla EPST (8\/2015) sa dozved\u00e1me ve\u013ea zauj\u00edmavost\u00ed. Najv\u00e4\u010d\u0161ia je t\u00e1, \u017ee \u201csynoda (12.- 13.6. v Nov\u00fdch Z\u00e1mkoch ) dala stop neporiadkom\u201d. Kie\u017e by to bola pravda. Zo spravodajstva sa v\u0161ak dozved\u00e1me, \u017ee\u00a0 hne\u010f \u00favodn\u00e1 vec sa do poriadku nedala. \u201d Di\u0161triktu\u00e1lny dozorca VD J\u00e1n Brozman sa odmietol ospravedlni\u0165 synod\u00e1lom za to, \u017ee &#8230; <a title=\"Synoda (\u00fadajne) dala stop neporiadkom\" class=\"read-more\" href=\"https:\/\/www.e-anjelik.sk\/index.php\/2015\/08\/27\/synoda-udajne-dala-stop-neporiadkom\/\" aria-label=\"Pre\u010d\u00edtajte si viac o Synoda (\u00fadajne) dala stop neporiadkom\">\u010c\u00edta\u0165 viac<\/a><\/p>\n","protected":false},"author":4,"featured_media":0,"comment_status":"open","ping_status":"open","sticky":false,"template":"","format":"standard","meta":{"footnotes":""},"categories":[1],"tags":[],"class_list":["post-28881","post","type-post","status-publish","format-standard","hentry","category-adventna-modlitba"],"_links":{"self":[{"href":"https:\/\/www.e-anjelik.sk\/index.php\/wp-json\/wp\/v2\/posts\/28881","targetHints":{"allow":["GET"]}}],"collection":[{"href":"https:\/\/www.e-anjelik.sk\/index.php\/wp-json\/wp\/v2\/posts"}],"about":[{"href":"https:\/\/www.e-anjelik.sk\/index.php\/wp-json\/wp\/v2\/types\/post"}],"author":[{"embeddable":true,"href":"https:\/\/www.e-anjelik.sk\/index.php\/wp-json\/wp\/v2\/users\/4"}],"replies":[{"embeddable":true,"href":"https:\/\/www.e-anjelik.sk\/index.php\/wp-json\/wp\/v2\/comments?post=28881"}],"version-history":[{"count":0,"href":"https:\/\/www.e-anjelik.sk\/index.php\/wp-json\/wp\/v2\/posts\/28881\/revisions"}],"wp:attachment":[{"href":"https:\/\/www.e-anjelik.sk\/index.php\/wp-json\/wp\/v2\/media?parent=28881"}],"wp:term":[{"taxonomy":"category","embeddable":true,"href":"https:\/\/www.e-anjelik.sk\/index.php\/wp-json\/wp\/v2\/categories?post=28881"},{"taxonomy":"post_tag","embeddable":true,"href":"https:\/\/www.e-anjelik.sk\/index.php\/wp-json\/wp\/v2\/tags?post=28881"}],"curies":[{"name":"wp","href":"https:\/\/api.w.org\/{rel}","templated":true}]}}