{"id":28887,"date":"2015-09-01T11:20:10","date_gmt":"2015-09-01T09:20:10","guid":{"rendered":"http:\/\/www.evanjelik.sk\/?p=28887"},"modified":"2015-09-01T11:20:10","modified_gmt":"2015-09-01T09:20:10","slug":"stretnutie-mladych-luteranovniek-vo-wittembergu-nemecko","status":"publish","type":"post","link":"https:\/\/www.e-anjelik.sk\/index.php\/2015\/09\/01\/stretnutie-mladych-luteranovniek-vo-wittembergu-nemecko\/","title":{"rendered":"Stretnutie mlad\u00fdch luter\u00e1nov\/niek vo Wittembergu, Nemecko"},"content":{"rendered":"<p>Svetov\u00fd luter\u00e1nsky zv\u00e4z (SLZ) zorganizoval v meste Wittenberg , Nemecko , pracovn\u00e9 stretnutie mlad\u00fdch reform\u00e1torov a reform\u00e1toriek\u00a0 pod heslom &#8222;Osloboden\u00ed Bo\u017eou l\u00e1skou &#8211; zmeni\u0165 svet&#8220;. Stretnutie sa kon\u00e1 od 22. augusta do 4. septembra pre 140 mlad\u00fdch \u00fa\u010dastn\u00edkov z 80 \u010dlensk\u00fdch cirkv\u00ed SLZ. Cie\u013eom je podpori\u0165 pr\u00e1cu mlad\u00fdch v cirkevn\u00fdch zboroch , povzbudi\u0165 ich pre ich \u010dinnos\u0165 a vymie\u0148a\u0165 si vz\u00e1jomne sk\u00fasenosti. Na organiz\u00e1cii sa podie\u013eal\u00a0 viceprezident SLZ, biskup Fabiny Tam\u00e1s z MR, gener\u00e1lny tajomn\u00edk SLZ\u00a0, far\u00e1r Martin Junge a hlavne najmlad\u0161ia viceprezidentka SLZ, 28 ro\u010dn\u00e1 K\u00f3rej\u010danka Eun-hae Kwon. Akcia je s\u00fa\u010das\u0165ou pr\u00edpravy na oslavy 500. v\u00fdro\u010dia reform\u00e1cie v roku 2017. Hostite\u013ekou podujatia bola dom\u00e1ca Evanjelick\u00e1 cirkev v Strednom Nemecku.<\/p>\n<p>(www.landeskirche-hannovers.de)<\/p>\n","protected":false},"excerpt":{"rendered":"<p>Svetov\u00fd luter\u00e1nsky zv\u00e4z (SLZ) zorganizoval v meste Wittenberg , Nemecko , pracovn\u00e9 stretnutie mlad\u00fdch reform\u00e1torov a reform\u00e1toriek\u00a0 pod heslom &#8222;Osloboden\u00ed Bo\u017eou l\u00e1skou &#8211; zmeni\u0165 svet&#8220;. Stretnutie sa kon\u00e1 od 22. augusta do 4. septembra pre 140 mlad\u00fdch \u00fa\u010dastn\u00edkov z 80 \u010dlensk\u00fdch cirkv\u00ed SLZ. Cie\u013eom je podpori\u0165 pr\u00e1cu mlad\u00fdch v cirkevn\u00fdch zboroch , povzbudi\u0165 ich pre &#8230; <a title=\"Stretnutie mlad\u00fdch luter\u00e1nov\/niek vo Wittembergu, Nemecko\" class=\"read-more\" href=\"https:\/\/www.e-anjelik.sk\/index.php\/2015\/09\/01\/stretnutie-mladych-luteranovniek-vo-wittembergu-nemecko\/\" aria-label=\"Pre\u010d\u00edtajte si viac o Stretnutie mlad\u00fdch luter\u00e1nov\/niek vo Wittembergu, Nemecko\">\u010c\u00edta\u0165 viac<\/a><\/p>\n","protected":false},"author":2,"featured_media":0,"comment_status":"open","ping_status":"open","sticky":false,"template":"","format":"standard","meta":{"footnotes":""},"categories":[1],"tags":[],"class_list":["post-28887","post","type-post","status-publish","format-standard","hentry","category-adventna-modlitba"],"_links":{"self":[{"href":"https:\/\/www.e-anjelik.sk\/index.php\/wp-json\/wp\/v2\/posts\/28887","targetHints":{"allow":["GET"]}}],"collection":[{"href":"https:\/\/www.e-anjelik.sk\/index.php\/wp-json\/wp\/v2\/posts"}],"about":[{"href":"https:\/\/www.e-anjelik.sk\/index.php\/wp-json\/wp\/v2\/types\/post"}],"author":[{"embeddable":true,"href":"https:\/\/www.e-anjelik.sk\/index.php\/wp-json\/wp\/v2\/users\/2"}],"replies":[{"embeddable":true,"href":"https:\/\/www.e-anjelik.sk\/index.php\/wp-json\/wp\/v2\/comments?post=28887"}],"version-history":[{"count":0,"href":"https:\/\/www.e-anjelik.sk\/index.php\/wp-json\/wp\/v2\/posts\/28887\/revisions"}],"wp:attachment":[{"href":"https:\/\/www.e-anjelik.sk\/index.php\/wp-json\/wp\/v2\/media?parent=28887"}],"wp:term":[{"taxonomy":"category","embeddable":true,"href":"https:\/\/www.e-anjelik.sk\/index.php\/wp-json\/wp\/v2\/categories?post=28887"},{"taxonomy":"post_tag","embeddable":true,"href":"https:\/\/www.e-anjelik.sk\/index.php\/wp-json\/wp\/v2\/tags?post=28887"}],"curies":[{"name":"wp","href":"https:\/\/api.w.org\/{rel}","templated":true}]}}