{"id":2889,"date":"2010-06-12T08:33:22","date_gmt":"2010-06-12T08:33:22","guid":{"rendered":"http:\/\/e-anjelik.sk\/?p=2889"},"modified":"2010-06-12T08:33:22","modified_gmt":"2010-06-12T08:33:22","slug":"dvaja-predstavitelia-ecav-v-madarsku-v-novej-vlade","status":"publish","type":"post","link":"https:\/\/www.e-anjelik.sk\/index.php\/2010\/06\/12\/dvaja-predstavitelia-ecav-v-madarsku-v-novej-vlade\/","title":{"rendered":"Dvaja predstavitelia ECAV v Ma\u010farsku v novej vl\u00e1de"},"content":{"rendered":"<p>Premi&eacute;r vl&aacute;dy MR Viktor Orb&aacute;n vymenoval s &uacute;\u010dinnos\u0165ou od 7. j&uacute;na t.r. do novej vl&aacute;dy dvoch predstavite\u013eov Evanjelicko-luter&aacute;nskej cirkvi v Ma\u010farsku.S&uacute; to: Proehle Gergely, gener&aacute;lny dozorca tejto cirkvi bude z&aacute;stupcom tajomn&iacute;ka Ministerstva zahrani\u010dn&yacute;ch vec&iacute; MR a dr. Cserh&aacute;ti P&eacute;ter, druh&yacute; dozorca Severn&eacute;ho di&scaron;triktu tejto cirkvi za z&aacute;stupcu tajomn&iacute;ka Ministerstva n&aacute;rodnej obrany MR.<\/p>\n<p>(<a href=\"http:\/\/www.evangelikus.hu\">www.evangelikus.hu<\/a>)<\/p>\n","protected":false},"excerpt":{"rendered":"<p>Premi&eacute;r vl&aacute;dy MR Viktor Orb&aacute;n vymenoval s &uacute;\u010dinnos\u0165ou od 7. j&uacute;na t.r. do novej vl&aacute;dy dvoch predstavite\u013eov Evanjelicko-luter&aacute;nskej cirkvi v Ma\u010farsku.S&uacute; to: Proehle Gergely, gener&aacute;lny dozorca tejto cirkvi bude z&aacute;stupcom tajomn&iacute;ka Ministerstva zahrani\u010dn&yacute;ch vec&iacute; MR a dr. Cserh&aacute;ti P&eacute;ter, druh&yacute; dozorca Severn&eacute;ho di&scaron;triktu tejto cirkvi za z&aacute;stupcu tajomn&iacute;ka Ministerstva n&aacute;rodnej obrany MR. (www.evangelikus.hu)<\/p>\n","protected":false},"author":22,"featured_media":0,"comment_status":"open","ping_status":"open","sticky":false,"template":"","format":"standard","meta":{"footnotes":""},"categories":[9,10],"tags":[],"class_list":["post-2889","post","type-post","status-publish","format-standard","hentry","category-europa","category-zo-sveta"],"_links":{"self":[{"href":"https:\/\/www.e-anjelik.sk\/index.php\/wp-json\/wp\/v2\/posts\/2889","targetHints":{"allow":["GET"]}}],"collection":[{"href":"https:\/\/www.e-anjelik.sk\/index.php\/wp-json\/wp\/v2\/posts"}],"about":[{"href":"https:\/\/www.e-anjelik.sk\/index.php\/wp-json\/wp\/v2\/types\/post"}],"author":[{"embeddable":true,"href":"https:\/\/www.e-anjelik.sk\/index.php\/wp-json\/wp\/v2\/users\/22"}],"replies":[{"embeddable":true,"href":"https:\/\/www.e-anjelik.sk\/index.php\/wp-json\/wp\/v2\/comments?post=2889"}],"version-history":[{"count":0,"href":"https:\/\/www.e-anjelik.sk\/index.php\/wp-json\/wp\/v2\/posts\/2889\/revisions"}],"wp:attachment":[{"href":"https:\/\/www.e-anjelik.sk\/index.php\/wp-json\/wp\/v2\/media?parent=2889"}],"wp:term":[{"taxonomy":"category","embeddable":true,"href":"https:\/\/www.e-anjelik.sk\/index.php\/wp-json\/wp\/v2\/categories?post=2889"},{"taxonomy":"post_tag","embeddable":true,"href":"https:\/\/www.e-anjelik.sk\/index.php\/wp-json\/wp\/v2\/tags?post=2889"}],"curies":[{"name":"wp","href":"https:\/\/api.w.org\/{rel}","templated":true}]}}