{"id":28891,"date":"2015-09-01T15:22:02","date_gmt":"2015-09-01T13:22:02","guid":{"rendered":"http:\/\/www.evanjelik.sk\/?p=28891"},"modified":"2025-09-12T17:35:13","modified_gmt":"2025-09-12T15:35:13","slug":"prezidenti-na-zamku-alzbety-uhorskej-a-m-luthera","status":"publish","type":"post","link":"https:\/\/www.e-anjelik.sk\/index.php\/2015\/09\/01\/prezidenti-na-zamku-alzbety-uhorskej-a-m-luthera\/","title":{"rendered":"Prezidenti na z\u00e1mku Al\u017ebety Uhorskej  a  M. Luthera"},"content":{"rendered":"\n<p>Na pozvanie prezidenta Spolkovej republiky Nemecka Joachima Gaucka sa v d\u0148och 21. a 22. septembra 2015 stretn\u00fa na z\u00e1mku Wartburg v Erfurte, Nemecko, prezidenti tzv. skupiny Arraiolos. S\u00fa to prezidenti eur\u00f3pskych kraj\u00edn, kde prezident pln\u00ed iba reprezentat\u00edvnu funkciu \u0161t\u00e1tu. Do tejto skupiny patria prezidenti: Nemecka, Po\u013eska, Bulharska, Est\u00f3nska, F\u00ednska, Talianska, Loty\u0161ska, Malty, Rak\u00faska a Slovinska. Hlavnou t\u00e9mou rokovania je jednota Eur\u00f3py. Rokova\u0165 bud\u00fa na miestach spojen\u00fdch s luter\u00e1nskou reform\u00e1ciou. Ako je zn\u00e1me, na hrade Wartburg \u017eil a pracoval ist\u00fd \u010das M. Luther. 21. septembra si vypo\u010duj\u00fa predn\u00e1\u0161ku v\u00fdznamn\u00e9ho ev. teol\u00f3ga profesora Thomasa Kaufmanna. V meste Erfurt Luther vst\u00fapil do r\u00e1du augustini\u00e1nov a prijal k\u0148azsk\u00e9 sv\u00e4tenie. S\u00fa\u010dasn\u00fd nemeck\u00fd\u00a0\u00a0prezident Gauck je p\u00f4vodn\u00fdm povolan\u00edm evanjelick\u00fd far\u00e1r.<\/p>\n\n\n\n<p>(www.luteranie.pl)<\/p>\n","protected":false},"excerpt":{"rendered":"<p>Na pozvanie prezidenta Spolkovej republiky Nemecka Joachima Gaucka sa v d\u0148och 21. a 22. septembra 2015 stretn\u00fa na z\u00e1mku Wartburg v Erfurte, Nemecko, prezidenti tzv. skupiny Arraiolos. S\u00fa to prezidenti eur\u00f3pskych kraj\u00edn, kde prezident pln\u00ed iba reprezentat\u00edvnu funkciu \u0161t\u00e1tu. Do tejto skupiny patria prezidenti: Nemecka, Po\u013eska, Bulharska, Est\u00f3nska, F\u00ednska, Talianska, Loty\u0161ska, Malty, Rak\u00faska a Slovinska. &#8230; <a title=\"Prezidenti na z\u00e1mku Al\u017ebety Uhorskej  a  M. Luthera\" class=\"read-more\" href=\"https:\/\/www.e-anjelik.sk\/index.php\/2015\/09\/01\/prezidenti-na-zamku-alzbety-uhorskej-a-m-luthera\/\" aria-label=\"Pre\u010d\u00edtajte si viac o Prezidenti na z\u00e1mku Al\u017ebety Uhorskej  a  M. Luthera\">\u010c\u00edta\u0165 viac<\/a><\/p>\n","protected":false},"author":2,"featured_media":0,"comment_status":"open","ping_status":"open","sticky":false,"template":"","format":"standard","meta":{"footnotes":""},"categories":[1],"tags":[],"class_list":["post-28891","post","type-post","status-publish","format-standard","hentry","category-adventna-modlitba"],"_links":{"self":[{"href":"https:\/\/www.e-anjelik.sk\/index.php\/wp-json\/wp\/v2\/posts\/28891","targetHints":{"allow":["GET"]}}],"collection":[{"href":"https:\/\/www.e-anjelik.sk\/index.php\/wp-json\/wp\/v2\/posts"}],"about":[{"href":"https:\/\/www.e-anjelik.sk\/index.php\/wp-json\/wp\/v2\/types\/post"}],"author":[{"embeddable":true,"href":"https:\/\/www.e-anjelik.sk\/index.php\/wp-json\/wp\/v2\/users\/2"}],"replies":[{"embeddable":true,"href":"https:\/\/www.e-anjelik.sk\/index.php\/wp-json\/wp\/v2\/comments?post=28891"}],"version-history":[{"count":1,"href":"https:\/\/www.e-anjelik.sk\/index.php\/wp-json\/wp\/v2\/posts\/28891\/revisions"}],"predecessor-version":[{"id":38421,"href":"https:\/\/www.e-anjelik.sk\/index.php\/wp-json\/wp\/v2\/posts\/28891\/revisions\/38421"}],"wp:attachment":[{"href":"https:\/\/www.e-anjelik.sk\/index.php\/wp-json\/wp\/v2\/media?parent=28891"}],"wp:term":[{"taxonomy":"category","embeddable":true,"href":"https:\/\/www.e-anjelik.sk\/index.php\/wp-json\/wp\/v2\/categories?post=28891"},{"taxonomy":"post_tag","embeddable":true,"href":"https:\/\/www.e-anjelik.sk\/index.php\/wp-json\/wp\/v2\/tags?post=28891"}],"curies":[{"name":"wp","href":"https:\/\/api.w.org\/{rel}","templated":true}]}}