{"id":28893,"date":"2015-09-01T15:41:33","date_gmt":"2015-09-01T13:41:33","guid":{"rendered":"http:\/\/www.evanjelik.sk\/?p=28893"},"modified":"2015-09-01T15:41:33","modified_gmt":"2015-09-01T13:41:33","slug":"slavnost-v-portugalsku","status":"publish","type":"post","link":"https:\/\/www.e-anjelik.sk\/index.php\/2015\/09\/01\/slavnost-v-portugalsku\/","title":{"rendered":"Sl\u00e1vnos\u0165 v Portugalsku"},"content":{"rendered":"<p>V portugalskom meste\u00a0Merces sa 29. augusta 2015 \u00a0konali sl\u00e1vnostn\u00e9 slu\u017eby Bo\u017eie , na ktor\u00fdch far\u00e1r Adalberto Hiller, po\u017eehnal mlad\u00e9ho brata Miguela Barcelosa pri pr\u00edle\u017eitosti jeho vyslania na \u0161tvorro\u010dn\u00e9 \u0161t\u00fadium teol\u00f3gie na Concordia Seminari Misurskej cirkvi USA vo Fort Wayne. Portugalsk\u00e1 evanjelicko-luter\u00e1nska cirkev je mali\u010dk\u00e1. M\u00e1 iba 145 pokrsten\u00fdch \u010dlenov a je spriaznen\u00e1 so SELK v Nemecku.<\/p>\n<p>(www.selk.de)<\/p>\n","protected":false},"excerpt":{"rendered":"<p>V portugalskom meste\u00a0Merces sa 29. augusta 2015 \u00a0konali sl\u00e1vnostn\u00e9 slu\u017eby Bo\u017eie , na ktor\u00fdch far\u00e1r Adalberto Hiller, po\u017eehnal mlad\u00e9ho brata Miguela Barcelosa pri pr\u00edle\u017eitosti jeho vyslania na \u0161tvorro\u010dn\u00e9 \u0161t\u00fadium teol\u00f3gie na Concordia Seminari Misurskej cirkvi USA vo Fort Wayne. Portugalsk\u00e1 evanjelicko-luter\u00e1nska cirkev je mali\u010dk\u00e1. M\u00e1 iba 145 pokrsten\u00fdch \u010dlenov a je spriaznen\u00e1 so SELK v &#8230; <a title=\"Sl\u00e1vnos\u0165 v Portugalsku\" class=\"read-more\" href=\"https:\/\/www.e-anjelik.sk\/index.php\/2015\/09\/01\/slavnost-v-portugalsku\/\" aria-label=\"Pre\u010d\u00edtajte si viac o Sl\u00e1vnos\u0165 v Portugalsku\">\u010c\u00edta\u0165 viac<\/a><\/p>\n","protected":false},"author":2,"featured_media":0,"comment_status":"open","ping_status":"open","sticky":false,"template":"","format":"standard","meta":{"footnotes":""},"categories":[1],"tags":[],"class_list":["post-28893","post","type-post","status-publish","format-standard","hentry","category-adventna-modlitba"],"_links":{"self":[{"href":"https:\/\/www.e-anjelik.sk\/index.php\/wp-json\/wp\/v2\/posts\/28893","targetHints":{"allow":["GET"]}}],"collection":[{"href":"https:\/\/www.e-anjelik.sk\/index.php\/wp-json\/wp\/v2\/posts"}],"about":[{"href":"https:\/\/www.e-anjelik.sk\/index.php\/wp-json\/wp\/v2\/types\/post"}],"author":[{"embeddable":true,"href":"https:\/\/www.e-anjelik.sk\/index.php\/wp-json\/wp\/v2\/users\/2"}],"replies":[{"embeddable":true,"href":"https:\/\/www.e-anjelik.sk\/index.php\/wp-json\/wp\/v2\/comments?post=28893"}],"version-history":[{"count":0,"href":"https:\/\/www.e-anjelik.sk\/index.php\/wp-json\/wp\/v2\/posts\/28893\/revisions"}],"wp:attachment":[{"href":"https:\/\/www.e-anjelik.sk\/index.php\/wp-json\/wp\/v2\/media?parent=28893"}],"wp:term":[{"taxonomy":"category","embeddable":true,"href":"https:\/\/www.e-anjelik.sk\/index.php\/wp-json\/wp\/v2\/categories?post=28893"},{"taxonomy":"post_tag","embeddable":true,"href":"https:\/\/www.e-anjelik.sk\/index.php\/wp-json\/wp\/v2\/tags?post=28893"}],"curies":[{"name":"wp","href":"https:\/\/api.w.org\/{rel}","templated":true}]}}