{"id":28898,"date":"2015-09-02T11:32:23","date_gmt":"2015-09-02T09:32:23","guid":{"rendered":"http:\/\/www.evanjelik.sk\/?p=28898"},"modified":"2015-09-02T11:32:23","modified_gmt":"2015-09-02T09:32:23","slug":"po-lutherovi-pomenuju-namestie-v-rime","status":"publish","type":"post","link":"https:\/\/www.e-anjelik.sk\/index.php\/2015\/09\/02\/po-lutherovi-pomenuju-namestie-v-rime\/","title":{"rendered":"Po Lutherovi pomenuj\u00fa n\u00e1mestie v R\u00edme"},"content":{"rendered":"<p>Port\u00e1l Postoy.sk<br \/>\n<a href=\"http:\/\/postoy.sk\/content\/po-lutherovi-bude-pomenovane-namestie-v-rime-vatikan-podporuje\">prin\u00e1\u0161a spr\u00e1vu<\/a>: Medzi r\u00edmskymi n\u00e1mestiami, ktor\u00e9 s\u00fa sp\u00e4t\u00e9 s katol\u00edckymi osobnos\u0165ami a udalos\u0165ami, sa u\u017e zanedlho objav\u00ed N\u00e1mestie Martina Luthera. Nach\u00e1dza\u0165 sa bude na zn\u00e1mom r\u00edmskom pahorku Eskvil\u00edn s v\u00fdh\u013eadom na Koloseum. Informoval o tom port\u00e1l National Catholic Reporter.<\/p>\n<p>viac tu: http:\/\/ncronline.org\/news\/spirituality\/vatican-backs-plan-name-rome-square-martin-luther<\/p>\n","protected":false},"excerpt":{"rendered":"<p>Port\u00e1l Postoy.sk prin\u00e1\u0161a spr\u00e1vu: Medzi r\u00edmskymi n\u00e1mestiami, ktor\u00e9 s\u00fa sp\u00e4t\u00e9 s katol\u00edckymi osobnos\u0165ami a udalos\u0165ami, sa u\u017e zanedlho objav\u00ed N\u00e1mestie Martina Luthera. Nach\u00e1dza\u0165 sa bude na zn\u00e1mom r\u00edmskom pahorku Eskvil\u00edn s v\u00fdh\u013eadom na Koloseum. Informoval o tom port\u00e1l National Catholic Reporter. viac tu: http:\/\/ncronline.org\/news\/spirituality\/vatican-backs-plan-name-rome-square-martin-luther<\/p>\n","protected":false},"author":5,"featured_media":0,"comment_status":"open","ping_status":"open","sticky":false,"template":"","format":"standard","meta":{"footnotes":""},"categories":[1],"tags":[],"class_list":["post-28898","post","type-post","status-publish","format-standard","hentry","category-adventna-modlitba"],"_links":{"self":[{"href":"https:\/\/www.e-anjelik.sk\/index.php\/wp-json\/wp\/v2\/posts\/28898","targetHints":{"allow":["GET"]}}],"collection":[{"href":"https:\/\/www.e-anjelik.sk\/index.php\/wp-json\/wp\/v2\/posts"}],"about":[{"href":"https:\/\/www.e-anjelik.sk\/index.php\/wp-json\/wp\/v2\/types\/post"}],"author":[{"embeddable":true,"href":"https:\/\/www.e-anjelik.sk\/index.php\/wp-json\/wp\/v2\/users\/5"}],"replies":[{"embeddable":true,"href":"https:\/\/www.e-anjelik.sk\/index.php\/wp-json\/wp\/v2\/comments?post=28898"}],"version-history":[{"count":0,"href":"https:\/\/www.e-anjelik.sk\/index.php\/wp-json\/wp\/v2\/posts\/28898\/revisions"}],"wp:attachment":[{"href":"https:\/\/www.e-anjelik.sk\/index.php\/wp-json\/wp\/v2\/media?parent=28898"}],"wp:term":[{"taxonomy":"category","embeddable":true,"href":"https:\/\/www.e-anjelik.sk\/index.php\/wp-json\/wp\/v2\/categories?post=28898"},{"taxonomy":"post_tag","embeddable":true,"href":"https:\/\/www.e-anjelik.sk\/index.php\/wp-json\/wp\/v2\/tags?post=28898"}],"curies":[{"name":"wp","href":"https:\/\/api.w.org\/{rel}","templated":true}]}}