{"id":28914,"date":"2015-09-03T09:56:32","date_gmt":"2015-09-03T07:56:32","guid":{"rendered":"http:\/\/www.evanjelik.sk\/?p=28914"},"modified":"2015-09-03T09:56:32","modified_gmt":"2015-09-03T07:56:32","slug":"pocet-moslimov-v-nemecku-prudko-narasta","status":"publish","type":"post","link":"https:\/\/www.e-anjelik.sk\/index.php\/2015\/09\/03\/pocet-moslimov-v-nemecku-prudko-narasta\/","title":{"rendered":"Po\u010det moslimov v Nemecku prudko narast\u00e1"},"content":{"rendered":"<p>Pr\u00edchodom migrantov do Nemecka sa prudko dv\u00edha aj po\u010det moslimov. Pod\u013ea odhadov tohto roku pr\u00edde do Nemecka asi 800 tis\u00edc migrantov. Z nich\u00a0s\u00fa to\u00a0do 80% moslimovia. Toho \u010dasu \u017eije v Nemecku 4,5 mili\u00f3na moslimov. Pre pris\u0165ahovalctvo a vysok\u00fa p\u00f4rodnos\u0165\u00a0 moslimov toto \u010d\u00edslo o nieko\u013eko rokov dosiahne 6 mili\u00f3nov moslimov. Analytici o\u010dak\u00e1vaj\u00fa probl\u00e9my v spolo\u010dnosti, nap\u00e4tia v soci\u00e1lnej a n\u00e1bo\u017eenskej oblasti (rast me\u0161\u00edt, n\u00e1rast \u0161k\u00f4l s v\u00fdu\u010dbou kor\u00e1nu , po\u017eiadavky na\u00a0zav\u00e1dzanie moslimsk\u00fdch kult\u00farnych zvykov a z\u00e1konov a pod. ) V ostatn\u00fdch rokoch v Nemecku m\u00e9dia zaznamenali premenu nieko\u013ek\u00fdch kres\u0165ansk\u00fdch chr\u00e1mov na me\u0161ity. Ved\u00faci predstavitelia Evanjelickej aliancie Nemecka hovoria, \u017ee n\u00e1rast nekres\u0165anov v Nemecku je v\u00fdzvou na \u0161\u00edrenie evanjelia aj\u00a0pre nich.<\/p>\n<p>(www.idea.de)<\/p>\n<p>&nbsp;<\/p>\n","protected":false},"excerpt":{"rendered":"<p>Pr\u00edchodom migrantov do Nemecka sa prudko dv\u00edha aj po\u010det moslimov. Pod\u013ea odhadov tohto roku pr\u00edde do Nemecka asi 800 tis\u00edc migrantov. Z nich\u00a0s\u00fa to\u00a0do 80% moslimovia. Toho \u010dasu \u017eije v Nemecku 4,5 mili\u00f3na moslimov. Pre pris\u0165ahovalctvo a vysok\u00fa p\u00f4rodnos\u0165\u00a0 moslimov toto \u010d\u00edslo o nieko\u013eko rokov dosiahne 6 mili\u00f3nov moslimov. Analytici o\u010dak\u00e1vaj\u00fa probl\u00e9my v spolo\u010dnosti, nap\u00e4tia &#8230; <a title=\"Po\u010det moslimov v Nemecku prudko narast\u00e1\" class=\"read-more\" href=\"https:\/\/www.e-anjelik.sk\/index.php\/2015\/09\/03\/pocet-moslimov-v-nemecku-prudko-narasta\/\" aria-label=\"Pre\u010d\u00edtajte si viac o Po\u010det moslimov v Nemecku prudko narast\u00e1\">\u010c\u00edta\u0165 viac<\/a><\/p>\n","protected":false},"author":2,"featured_media":0,"comment_status":"open","ping_status":"open","sticky":false,"template":"","format":"standard","meta":{"footnotes":""},"categories":[1],"tags":[],"class_list":["post-28914","post","type-post","status-publish","format-standard","hentry","category-adventna-modlitba"],"_links":{"self":[{"href":"https:\/\/www.e-anjelik.sk\/index.php\/wp-json\/wp\/v2\/posts\/28914","targetHints":{"allow":["GET"]}}],"collection":[{"href":"https:\/\/www.e-anjelik.sk\/index.php\/wp-json\/wp\/v2\/posts"}],"about":[{"href":"https:\/\/www.e-anjelik.sk\/index.php\/wp-json\/wp\/v2\/types\/post"}],"author":[{"embeddable":true,"href":"https:\/\/www.e-anjelik.sk\/index.php\/wp-json\/wp\/v2\/users\/2"}],"replies":[{"embeddable":true,"href":"https:\/\/www.e-anjelik.sk\/index.php\/wp-json\/wp\/v2\/comments?post=28914"}],"version-history":[{"count":0,"href":"https:\/\/www.e-anjelik.sk\/index.php\/wp-json\/wp\/v2\/posts\/28914\/revisions"}],"wp:attachment":[{"href":"https:\/\/www.e-anjelik.sk\/index.php\/wp-json\/wp\/v2\/media?parent=28914"}],"wp:term":[{"taxonomy":"category","embeddable":true,"href":"https:\/\/www.e-anjelik.sk\/index.php\/wp-json\/wp\/v2\/categories?post=28914"},{"taxonomy":"post_tag","embeddable":true,"href":"https:\/\/www.e-anjelik.sk\/index.php\/wp-json\/wp\/v2\/tags?post=28914"}],"curies":[{"name":"wp","href":"https:\/\/api.w.org\/{rel}","templated":true}]}}