{"id":28929,"date":"2015-09-05T15:24:30","date_gmt":"2015-09-05T13:24:30","guid":{"rendered":"http:\/\/www.evanjelik.sk\/?p=28929"},"modified":"2015-09-05T15:24:30","modified_gmt":"2015-09-05T13:24:30","slug":"o-predsedovi-vlady-finska","status":"publish","type":"post","link":"https:\/\/www.e-anjelik.sk\/index.php\/2015\/09\/05\/o-predsedovi-vlady-finska\/","title":{"rendered":"O predsedovi vl\u00e1dy F\u00ednska"},"content":{"rendered":"<p><img loading=\"lazy\" decoding=\"async\" class=\"size-medium wp-image-28932\" src=\"http:\/\/www.evanjelik.sk\/wp-content\/uploads\/2015\/09\/r1-300x230.jpeg\" alt=\"\" width=\"300\" height=\"230\" \/><\/a> Svetov\u00e9 m\u00e9di\u00e1 priniesli senza\u010dn\u00fa spr\u00e1vu z F\u00ednska. Predseda vl\u00e1dy Juha Sipilae pon\u00fakol svoj byt pre ute\u010dencov. Vyzval aj ostatn\u00fdch k nasledovaniu jeho pr\u00edkladu. Agent\u00fary poznamenali, \u017ee ide o akt\u00edvneho konzervat\u00edveho evanjelika, z pietistick\u00e9ho hnutia lestadi\u00e1nov. Na internete som zistil, \u017ee je podnikate\u013e, m\u00e1 aj druh\u00fd dom. Ako lestadi\u00e1n je abstinent, odmieta potraty a eutan\u00e1ziu. S man\u017eelkou maj\u00fa \u0161tyri deti, piaty syn zomrel vo febru\u00e1ri t.r. Premi\u00e9rom F\u00ednska je od j\u00fana t.r.<\/p>\n","protected":false},"excerpt":{"rendered":"<p>Svetov\u00e9 m\u00e9di\u00e1 priniesli senza\u010dn\u00fa spr\u00e1vu z F\u00ednska. Predseda vl\u00e1dy Juha Sipilae pon\u00fakol svoj byt pre ute\u010dencov. Vyzval aj ostatn\u00fdch k nasledovaniu jeho pr\u00edkladu. Agent\u00fary poznamenali, \u017ee ide o akt\u00edvneho konzervat\u00edveho evanjelika, z pietistick\u00e9ho hnutia lestadi\u00e1nov. Na internete som zistil, \u017ee je podnikate\u013e, m\u00e1 aj druh\u00fd dom. Ako lestadi\u00e1n je abstinent, odmieta potraty a eutan\u00e1ziu. S &#8230; <a title=\"O predsedovi vl\u00e1dy F\u00ednska\" class=\"read-more\" href=\"https:\/\/www.e-anjelik.sk\/index.php\/2015\/09\/05\/o-predsedovi-vlady-finska\/\" aria-label=\"Pre\u010d\u00edtajte si viac o O predsedovi vl\u00e1dy F\u00ednska\">\u010c\u00edta\u0165 viac<\/a><\/p>\n","protected":false},"author":2,"featured_media":0,"comment_status":"open","ping_status":"open","sticky":false,"template":"","format":"standard","meta":{"footnotes":""},"categories":[1,9,42,10],"tags":[],"class_list":["post-28929","post","type-post","status-publish","format-standard","hentry","category-adventna-modlitba","category-europa","category-skandinavia","category-zo-sveta"],"_links":{"self":[{"href":"https:\/\/www.e-anjelik.sk\/index.php\/wp-json\/wp\/v2\/posts\/28929","targetHints":{"allow":["GET"]}}],"collection":[{"href":"https:\/\/www.e-anjelik.sk\/index.php\/wp-json\/wp\/v2\/posts"}],"about":[{"href":"https:\/\/www.e-anjelik.sk\/index.php\/wp-json\/wp\/v2\/types\/post"}],"author":[{"embeddable":true,"href":"https:\/\/www.e-anjelik.sk\/index.php\/wp-json\/wp\/v2\/users\/2"}],"replies":[{"embeddable":true,"href":"https:\/\/www.e-anjelik.sk\/index.php\/wp-json\/wp\/v2\/comments?post=28929"}],"version-history":[{"count":0,"href":"https:\/\/www.e-anjelik.sk\/index.php\/wp-json\/wp\/v2\/posts\/28929\/revisions"}],"wp:attachment":[{"href":"https:\/\/www.e-anjelik.sk\/index.php\/wp-json\/wp\/v2\/media?parent=28929"}],"wp:term":[{"taxonomy":"category","embeddable":true,"href":"https:\/\/www.e-anjelik.sk\/index.php\/wp-json\/wp\/v2\/categories?post=28929"},{"taxonomy":"post_tag","embeddable":true,"href":"https:\/\/www.e-anjelik.sk\/index.php\/wp-json\/wp\/v2\/tags?post=28929"}],"curies":[{"name":"wp","href":"https:\/\/api.w.org\/{rel}","templated":true}]}}