{"id":2893,"date":"2010-06-14T09:39:59","date_gmt":"2010-06-14T09:39:59","guid":{"rendered":"http:\/\/e-anjelik.sk\/?p=2893"},"modified":"2010-06-14T09:39:59","modified_gmt":"2010-06-14T09:39:59","slug":"cirkevne-stretnutie-mladeze-v-norsku","status":"publish","type":"post","link":"https:\/\/www.e-anjelik.sk\/index.php\/2010\/06\/14\/cirkevne-stretnutie-mladeze-v-norsku\/","title":{"rendered":"Cirkevn\u00e9 stretnutie ml\u00e1de\u017ee v N\u00f3rsku"},"content":{"rendered":"<p>21. a\u017e 24. j&uacute;na t.r. sa v meste Hamar na Vysokej \u013eudovej &scaron;kole Toneheim&nbsp;bude kona\u0165 celocirkevn&eacute; stretnutie ml&aacute;de\u017ee Evanjelicko-luter&aacute;nskej cirkvi N&oacute;rska. Z ka\u017edej diec&eacute;zy cirkvi,ktor&yacute;ch je jeden&aacute;s\u0165, pr&iacute;de po 46 deleg&aacute;tov. Logo stretnutia predstavuje recykl&aacute;ciu. Hlavnou t&eacute;mou stretnutia je misia. To,\u010do mlad&iacute; z&iacute;skaj&uacute; z misijn&eacute;ho p&ocirc;sobenia, maj&uacute; vraca\u0165 in&yacute;m. Je to podobn&eacute; ako pri recykl&aacute;cii.&nbsp;<\/p>\n<p>(www.&nbsp;kirken.no)<\/p>\n","protected":false},"excerpt":{"rendered":"<p>21. a\u017e 24. j&uacute;na t.r. sa v meste Hamar na Vysokej \u013eudovej &scaron;kole Toneheim&nbsp;bude kona\u0165 celocirkevn&eacute; stretnutie ml&aacute;de\u017ee Evanjelicko-luter&aacute;nskej cirkvi N&oacute;rska. Z ka\u017edej diec&eacute;zy cirkvi,ktor&yacute;ch je jeden&aacute;s\u0165, pr&iacute;de po 46 deleg&aacute;tov. Logo stretnutia predstavuje recykl&aacute;ciu. Hlavnou t&eacute;mou stretnutia je misia. To,\u010do mlad&iacute; z&iacute;skaj&uacute; z misijn&eacute;ho p&ocirc;sobenia, maj&uacute; vraca\u0165 in&yacute;m. Je to podobn&eacute; ako pri recykl&aacute;cii.&nbsp; &#8230; <a title=\"Cirkevn\u00e9 stretnutie ml\u00e1de\u017ee v N\u00f3rsku\" class=\"read-more\" href=\"https:\/\/www.e-anjelik.sk\/index.php\/2010\/06\/14\/cirkevne-stretnutie-mladeze-v-norsku\/\" aria-label=\"Pre\u010d\u00edtajte si viac o Cirkevn\u00e9 stretnutie ml\u00e1de\u017ee v N\u00f3rsku\">\u010c\u00edta\u0165 viac<\/a><\/p>\n","protected":false},"author":22,"featured_media":0,"comment_status":"open","ping_status":"open","sticky":false,"template":"","format":"standard","meta":{"footnotes":""},"categories":[1],"tags":[187],"class_list":["post-2893","post","type-post","status-publish","format-standard","hentry","category-adventna-modlitba","tag-mladez-3"],"_links":{"self":[{"href":"https:\/\/www.e-anjelik.sk\/index.php\/wp-json\/wp\/v2\/posts\/2893","targetHints":{"allow":["GET"]}}],"collection":[{"href":"https:\/\/www.e-anjelik.sk\/index.php\/wp-json\/wp\/v2\/posts"}],"about":[{"href":"https:\/\/www.e-anjelik.sk\/index.php\/wp-json\/wp\/v2\/types\/post"}],"author":[{"embeddable":true,"href":"https:\/\/www.e-anjelik.sk\/index.php\/wp-json\/wp\/v2\/users\/22"}],"replies":[{"embeddable":true,"href":"https:\/\/www.e-anjelik.sk\/index.php\/wp-json\/wp\/v2\/comments?post=2893"}],"version-history":[{"count":0,"href":"https:\/\/www.e-anjelik.sk\/index.php\/wp-json\/wp\/v2\/posts\/2893\/revisions"}],"wp:attachment":[{"href":"https:\/\/www.e-anjelik.sk\/index.php\/wp-json\/wp\/v2\/media?parent=2893"}],"wp:term":[{"taxonomy":"category","embeddable":true,"href":"https:\/\/www.e-anjelik.sk\/index.php\/wp-json\/wp\/v2\/categories?post=2893"},{"taxonomy":"post_tag","embeddable":true,"href":"https:\/\/www.e-anjelik.sk\/index.php\/wp-json\/wp\/v2\/tags?post=2893"}],"curies":[{"name":"wp","href":"https:\/\/api.w.org\/{rel}","templated":true}]}}