{"id":28942,"date":"2015-09-07T10:26:07","date_gmt":"2015-09-07T08:26:07","guid":{"rendered":"http:\/\/www.evanjelik.sk\/?p=28942"},"modified":"2015-09-07T10:26:07","modified_gmt":"2015-09-07T08:26:07","slug":"finska-ev-lut-cirkev-pomaha-utecencom","status":"publish","type":"post","link":"https:\/\/www.e-anjelik.sk\/index.php\/2015\/09\/07\/finska-ev-lut-cirkev-pomaha-utecencom\/","title":{"rendered":"F\u00ednska ev. lut. cirkev pom\u00e1ha ute\u010dencom"},"content":{"rendered":"<p>Cirkevn\u00e1 rada Evanjelicko &#8211; luter\u00e1nskej cirkvi F\u00ednska odpor\u00fa\u010dala cirkevn\u00fdm zborom, aby sa v nede\u013eu 6. septembra 2015 na slu\u017eb\u00e1ch Bo\u017e\u00edch konala ofera na pomoc ute\u010dencom. Ofera sa skoncentruje v \u00dastred\u00ed pre zahrani\u010dn\u00fa pomoc. V tomto pr\u00edpade je ur\u010den\u00e1 konkr\u00e9tne na pomoc ute\u010dencom v Ma\u010farsku, Srbsku a Gr\u00e9cku. Okrem finan\u010dnej zbierky \u00a0cirkevn\u00e9 zbory pom\u00e1haj\u00fa ute\u010dencom zberan\u00edm odevov, potrav\u00edn , dobrovo\u013en\u00edckou pr\u00e1cou v ute\u010deneck\u00fdch stredisk\u00e1ch a v pomoci pri styku ute\u010dencov s \u00faradmi.<\/p>\n<p>(evl.fi)<\/p>\n","protected":false},"excerpt":{"rendered":"<p>Cirkevn\u00e1 rada Evanjelicko &#8211; luter\u00e1nskej cirkvi F\u00ednska odpor\u00fa\u010dala cirkevn\u00fdm zborom, aby sa v nede\u013eu 6. septembra 2015 na slu\u017eb\u00e1ch Bo\u017e\u00edch konala ofera na pomoc ute\u010dencom. Ofera sa skoncentruje v \u00dastred\u00ed pre zahrani\u010dn\u00fa pomoc. V tomto pr\u00edpade je ur\u010den\u00e1 konkr\u00e9tne na pomoc ute\u010dencom v Ma\u010farsku, Srbsku a Gr\u00e9cku. Okrem finan\u010dnej zbierky \u00a0cirkevn\u00e9 zbory pom\u00e1haj\u00fa ute\u010dencom zberan\u00edm &#8230; <a title=\"F\u00ednska ev. lut. cirkev pom\u00e1ha ute\u010dencom\" class=\"read-more\" href=\"https:\/\/www.e-anjelik.sk\/index.php\/2015\/09\/07\/finska-ev-lut-cirkev-pomaha-utecencom\/\" aria-label=\"Pre\u010d\u00edtajte si viac o F\u00ednska ev. lut. cirkev pom\u00e1ha ute\u010dencom\">\u010c\u00edta\u0165 viac<\/a><\/p>\n","protected":false},"author":2,"featured_media":0,"comment_status":"open","ping_status":"open","sticky":false,"template":"","format":"standard","meta":{"footnotes":""},"categories":[1],"tags":[],"class_list":["post-28942","post","type-post","status-publish","format-standard","hentry","category-adventna-modlitba"],"_links":{"self":[{"href":"https:\/\/www.e-anjelik.sk\/index.php\/wp-json\/wp\/v2\/posts\/28942","targetHints":{"allow":["GET"]}}],"collection":[{"href":"https:\/\/www.e-anjelik.sk\/index.php\/wp-json\/wp\/v2\/posts"}],"about":[{"href":"https:\/\/www.e-anjelik.sk\/index.php\/wp-json\/wp\/v2\/types\/post"}],"author":[{"embeddable":true,"href":"https:\/\/www.e-anjelik.sk\/index.php\/wp-json\/wp\/v2\/users\/2"}],"replies":[{"embeddable":true,"href":"https:\/\/www.e-anjelik.sk\/index.php\/wp-json\/wp\/v2\/comments?post=28942"}],"version-history":[{"count":0,"href":"https:\/\/www.e-anjelik.sk\/index.php\/wp-json\/wp\/v2\/posts\/28942\/revisions"}],"wp:attachment":[{"href":"https:\/\/www.e-anjelik.sk\/index.php\/wp-json\/wp\/v2\/media?parent=28942"}],"wp:term":[{"taxonomy":"category","embeddable":true,"href":"https:\/\/www.e-anjelik.sk\/index.php\/wp-json\/wp\/v2\/categories?post=28942"},{"taxonomy":"post_tag","embeddable":true,"href":"https:\/\/www.e-anjelik.sk\/index.php\/wp-json\/wp\/v2\/tags?post=28942"}],"curies":[{"name":"wp","href":"https:\/\/api.w.org\/{rel}","templated":true}]}}