{"id":28947,"date":"2015-09-08T11:24:30","date_gmt":"2015-09-08T09:24:30","guid":{"rendered":"http:\/\/www.evanjelik.sk\/?p=28947"},"modified":"2015-09-08T11:24:30","modified_gmt":"2015-09-08T09:24:30","slug":"instalacia-noveho-biskupa-v-arhuse-dansko","status":"publish","type":"post","link":"https:\/\/www.e-anjelik.sk\/index.php\/2015\/09\/08\/instalacia-noveho-biskupa-v-arhuse-dansko\/","title":{"rendered":"In\u0161tal\u00e1cia nov\u00e9ho biskupa v Arhuse, D\u00e1nsko"},"content":{"rendered":"<p>V sobotu 5. septembra 2015 sa v d\u00f3me v Arhuse konali sl\u00e1vnostn\u00e9 slu\u017eby Bo\u017eie, na ktor\u00fdch biskup Kodane Peter Skov- Jakobsen uviedol do \u00faradu nov\u00e9ho biskupa diec\u00e9zy Arhus \u013dudovej cirkvi D\u00e1nska (luter\u00e1nskej) , 56-ro\u010dn\u00e9ho d\u00f3mskeho prepo\u0161ta, vysoko\u0161kolsk\u00e9ho u\u010dite\u013ea, redaktora cirkevn\u00fdch nov\u00edn a ved\u00faceho Gruntvigovej akad\u00e9mie \u00a0, Henrika Wigh-Poulsena. Na sl\u00e1vnosti sa z\u00fa\u010dastnili biskupi D\u00e1nska, z\u00e1stupcovia duchovn\u00fdch diec\u00e9zy, d\u00e1nska kr\u00e1\u013eovn\u00e1, minister pre cirkvi, z\u00e1stupca parlamentu. Spolu bolo v chr\u00e1me vy\u0161e 1100 os\u00f4b. Po bohoslu\u017eb\u00e1ch sa na radnici konala recepcia.<\/p>\n<p>(www.folkekirken.dk)<\/p>\n","protected":false},"excerpt":{"rendered":"<p>V sobotu 5. septembra 2015 sa v d\u00f3me v Arhuse konali sl\u00e1vnostn\u00e9 slu\u017eby Bo\u017eie, na ktor\u00fdch biskup Kodane Peter Skov- Jakobsen uviedol do \u00faradu nov\u00e9ho biskupa diec\u00e9zy Arhus \u013dudovej cirkvi D\u00e1nska (luter\u00e1nskej) , 56-ro\u010dn\u00e9ho d\u00f3mskeho prepo\u0161ta, vysoko\u0161kolsk\u00e9ho u\u010dite\u013ea, redaktora cirkevn\u00fdch nov\u00edn a ved\u00faceho Gruntvigovej akad\u00e9mie \u00a0, Henrika Wigh-Poulsena. Na sl\u00e1vnosti sa z\u00fa\u010dastnili biskupi D\u00e1nska, z\u00e1stupcovia &#8230; <a title=\"In\u0161tal\u00e1cia nov\u00e9ho biskupa v Arhuse, D\u00e1nsko\" class=\"read-more\" href=\"https:\/\/www.e-anjelik.sk\/index.php\/2015\/09\/08\/instalacia-noveho-biskupa-v-arhuse-dansko\/\" aria-label=\"Pre\u010d\u00edtajte si viac o In\u0161tal\u00e1cia nov\u00e9ho biskupa v Arhuse, D\u00e1nsko\">\u010c\u00edta\u0165 viac<\/a><\/p>\n","protected":false},"author":2,"featured_media":0,"comment_status":"open","ping_status":"open","sticky":false,"template":"","format":"standard","meta":{"footnotes":""},"categories":[1],"tags":[],"class_list":["post-28947","post","type-post","status-publish","format-standard","hentry","category-adventna-modlitba"],"_links":{"self":[{"href":"https:\/\/www.e-anjelik.sk\/index.php\/wp-json\/wp\/v2\/posts\/28947","targetHints":{"allow":["GET"]}}],"collection":[{"href":"https:\/\/www.e-anjelik.sk\/index.php\/wp-json\/wp\/v2\/posts"}],"about":[{"href":"https:\/\/www.e-anjelik.sk\/index.php\/wp-json\/wp\/v2\/types\/post"}],"author":[{"embeddable":true,"href":"https:\/\/www.e-anjelik.sk\/index.php\/wp-json\/wp\/v2\/users\/2"}],"replies":[{"embeddable":true,"href":"https:\/\/www.e-anjelik.sk\/index.php\/wp-json\/wp\/v2\/comments?post=28947"}],"version-history":[{"count":0,"href":"https:\/\/www.e-anjelik.sk\/index.php\/wp-json\/wp\/v2\/posts\/28947\/revisions"}],"wp:attachment":[{"href":"https:\/\/www.e-anjelik.sk\/index.php\/wp-json\/wp\/v2\/media?parent=28947"}],"wp:term":[{"taxonomy":"category","embeddable":true,"href":"https:\/\/www.e-anjelik.sk\/index.php\/wp-json\/wp\/v2\/categories?post=28947"},{"taxonomy":"post_tag","embeddable":true,"href":"https:\/\/www.e-anjelik.sk\/index.php\/wp-json\/wp\/v2\/tags?post=28947"}],"curies":[{"name":"wp","href":"https:\/\/api.w.org\/{rel}","templated":true}]}}