{"id":28949,"date":"2015-09-08T11:37:10","date_gmt":"2015-09-08T09:37:10","guid":{"rendered":"http:\/\/www.evanjelik.sk\/?p=28949"},"modified":"2015-09-08T11:37:10","modified_gmt":"2015-09-08T09:37:10","slug":"evanjelici-v-europe-pomahaju-utecencom","status":"publish","type":"post","link":"https:\/\/www.e-anjelik.sk\/index.php\/2015\/09\/08\/evanjelici-v-europe-pomahaju-utecencom\/","title":{"rendered":"Evanjelici v Eur\u00f3pe pom\u00e1haj\u00fa ute\u010dencom"},"content":{"rendered":"<p>Ako ozn\u00e1mil biskup Tamas Fabiny z Evanjelickej cirkvi v MR, na dramatick\u00fa v\u00fdzvu s ute\u010dencam v Ma\u010farsku odpoved\u00e1 i dom\u00e1ca cirkev. Pomoc sa poskytuje predov\u0161etk\u00fdm v hlavnom meste , a to najm\u00e4 na \u017eelezni\u010dn\u00fdch staniciach, kde dobrovo\u013en\u00edci denne poskytn\u00fa 150 tepl\u00fdch porci\u00ed, such\u00fa stravu -proviant, \u0161atstvo a deky. Pom\u00e1ha aj Evanjelick\u00e1 diakonia. Podobn\u00fa pomoc ute\u010dencom poskytuj\u00fa i sestersk\u00e9 cirkvi v Rak\u00fasku, \u0160v\u00e9dsku, N\u00f3rsku, Nemecku a D\u00e1nsku. So \u0161peci\u00e1lnou v\u00fdzvou na \u010dlensk\u00e9 cirkvi SLZ sa obr\u00e1tili prezident SLZ biskup M. \u00a0Younan a gen. tajomn\u00edk M. Junge.<\/p>\n<p>(www.luteranie.pl)<\/p>\n","protected":false},"excerpt":{"rendered":"<p>Ako ozn\u00e1mil biskup Tamas Fabiny z Evanjelickej cirkvi v MR, na dramatick\u00fa v\u00fdzvu s ute\u010dencam v Ma\u010farsku odpoved\u00e1 i dom\u00e1ca cirkev. Pomoc sa poskytuje predov\u0161etk\u00fdm v hlavnom meste , a to najm\u00e4 na \u017eelezni\u010dn\u00fdch staniciach, kde dobrovo\u013en\u00edci denne poskytn\u00fa 150 tepl\u00fdch porci\u00ed, such\u00fa stravu -proviant, \u0161atstvo a deky. Pom\u00e1ha aj Evanjelick\u00e1 diakonia. Podobn\u00fa pomoc ute\u010dencom &#8230; <a title=\"Evanjelici v Eur\u00f3pe pom\u00e1haj\u00fa ute\u010dencom\" class=\"read-more\" href=\"https:\/\/www.e-anjelik.sk\/index.php\/2015\/09\/08\/evanjelici-v-europe-pomahaju-utecencom\/\" aria-label=\"Pre\u010d\u00edtajte si viac o Evanjelici v Eur\u00f3pe pom\u00e1haj\u00fa ute\u010dencom\">\u010c\u00edta\u0165 viac<\/a><\/p>\n","protected":false},"author":2,"featured_media":0,"comment_status":"open","ping_status":"open","sticky":false,"template":"","format":"standard","meta":{"footnotes":""},"categories":[1],"tags":[],"class_list":["post-28949","post","type-post","status-publish","format-standard","hentry","category-adventna-modlitba"],"_links":{"self":[{"href":"https:\/\/www.e-anjelik.sk\/index.php\/wp-json\/wp\/v2\/posts\/28949","targetHints":{"allow":["GET"]}}],"collection":[{"href":"https:\/\/www.e-anjelik.sk\/index.php\/wp-json\/wp\/v2\/posts"}],"about":[{"href":"https:\/\/www.e-anjelik.sk\/index.php\/wp-json\/wp\/v2\/types\/post"}],"author":[{"embeddable":true,"href":"https:\/\/www.e-anjelik.sk\/index.php\/wp-json\/wp\/v2\/users\/2"}],"replies":[{"embeddable":true,"href":"https:\/\/www.e-anjelik.sk\/index.php\/wp-json\/wp\/v2\/comments?post=28949"}],"version-history":[{"count":0,"href":"https:\/\/www.e-anjelik.sk\/index.php\/wp-json\/wp\/v2\/posts\/28949\/revisions"}],"wp:attachment":[{"href":"https:\/\/www.e-anjelik.sk\/index.php\/wp-json\/wp\/v2\/media?parent=28949"}],"wp:term":[{"taxonomy":"category","embeddable":true,"href":"https:\/\/www.e-anjelik.sk\/index.php\/wp-json\/wp\/v2\/categories?post=28949"},{"taxonomy":"post_tag","embeddable":true,"href":"https:\/\/www.e-anjelik.sk\/index.php\/wp-json\/wp\/v2\/tags?post=28949"}],"curies":[{"name":"wp","href":"https:\/\/api.w.org\/{rel}","templated":true}]}}