{"id":28978,"date":"2015-09-10T11:26:16","date_gmt":"2015-09-10T09:26:16","guid":{"rendered":"http:\/\/www.evanjelik.sk\/?p=28978"},"modified":"2025-09-12T18:02:06","modified_gmt":"2025-09-12T16:02:06","slug":"pohrebna-kazen-zid-10-39","status":"publish","type":"post","link":"https:\/\/www.e-anjelik.sk\/index.php\/2015\/09\/10\/pohrebna-kazen-zid-10-39\/","title":{"rendered":"Pohrebn\u00e1 k\u00e1ze\u0148 (\u017did 10, 39)"},"content":{"rendered":"\n<blockquote class=\"wp-block-quote is-layout-flow wp-block-quote-is-layout-flow\">\n<p>Sme tu p\u00fatnici a Ty n\u00e1s sprev\u00e1dza\u0161,<\/p>\n\n\n\n<p>sme tu len hostia, Ty n\u00e1s po\u017eehn\u00e1va\u0161,<\/p>\n\n\n\n<p>na ka\u017edom mieste v dobr\u00fd i plan\u00fd \u010das,<\/p>\n\n\n\n<p>si vern\u00fdm Pastierom a star\u00e1\u0161 sa o n\u00e1s.<\/p>\n\n\n\n<p>\u00d3 Bo\u017ee dobr\u00fd, ke\u010f \u017eivot skon\u010d\u00edme,<\/p>\n\n\n\n<p>nech sa u Teba v\u0161etci uvid\u00edme! Amen (MR)<\/p>\n<\/blockquote>\n\n\n\n<p><b>\u017did 10, 39:&nbsp;<\/b><i>\u201dLebo nem\u00e1me tu trval\u00e9ho miesta, ale h\u013ead\u00e1me ono bud\u00face\u201d. Amen<\/i><\/p>\n\n\n\n<p><i>Sm\u00fato\u010dn\u00e9 pohrebn\u00e9 zhroma\u017edenie, bratia a sestry\u00a0v\u00a0P\u00e1novi, v\u00e1\u017een\u00e1 sm\u00fatiaca rodina! <\/i>T\u00e9mou spr\u00e1v \u010d\u00edslo<i> <\/i>jeden, ale i rozhovorov medzi \u013eu\u010fmi je aktu\u00e1lna ot\u00e1zka migrantov v Eur\u00f3pe. S vys\u0165ahovalectvom, alebo pris\u0165ahovalectvom, pr\u00edpadne repatri\u00e1ciou obyvate\u013estva v takom \u0161irokom mer\u00edtku sme na Slovensku od povojnov\u00e9ho obdobia neboli\u00a0 konfrontovan\u00ed a preto s\u00fa dnes mnoh\u00ed tak rozsiahlou migr\u00e1ciou \u013eud\u00ed prekvapen\u00ed a zasko\u010den\u00ed.<\/p>\n\n\n\n<p>\u00a0Ak sa v duchu p\u00fdtate, ako vys\u0165ahovalectvo a migr\u00e1cia s\u00favis\u00ed s touto v\u00e1\u017enou a smutnou chv\u00ed\u013eou poslednej rozl\u00fa\u010dky s na\u0161\u00edm spolubratom <b>JM,<\/b> chcem na \u00favod poveda\u0165, \u017ee &#8211; v\u0161etci \u013eudia na tomto svete s\u00fa migranti! Sme teda nimi aj my. A bol n\u00edm aj n\u00e1\u0161 spolubrat. Na t\u00fato skuto\u010dnos\u0165 n\u00e1s upozor\u0148uje aj slovo P\u00edsma sv\u00e4t\u00e9ho a svedectvo pisate\u013ea listu \u017didom: \u201d<i>Lebo nem\u00e1me tu trval\u00e9ho miesta, ale h\u013ead\u00e1me ono bud\u00face\u201d.<\/i><\/p>\n\n\n\n<p>\u00a0Ke\u010f odch\u00e1dza od v\u00e1s milovan\u00fd man\u017eel a otec, brat, \u0161vagor, v\u00e1\u0161 bli\u017e\u0161\u00ed, \u010di vzdialenej\u0161\u00ed pr\u00edbuzn\u00fd, ke\u010f <i>\u201codch\u00e1dza cestou ka\u017ed\u00e9ho pozem\u0161\u0165ana<\/i>\u201d n\u00e1\u0161 spolubrat, priate\u013e, zn\u00e1my a sused a op\u00fa\u0161\u0165a svoje zemsk\u00e9 preb\u00fdvanie, odch\u00e1dza v tejto \u010dasnosti naposledy. Vy, ktor\u00ed ste ho milovali, ale aj my ostatn\u00ed, ktor\u00ed sme ho poznali \u010diasto\u010dne, alebo aj v\u00f4bec nie, si pr\u00e1ve tu, nad jeho rakvou, nad jeho bezduch\u00fdm telom uvedomujeme jasnej\u0161ie ako inokedy to, \u010do spievame v jednej na\u0161ej pohrebnej piesni: \u201c<i>Za nimi p\u00f4jdeme\u2026\u201d\u00a0<\/i><\/p>\n\n\n\n<p><i>\u00a0 \u00a0 \u00a0 \u00a0 <\/i>\u00c1no, aj my raz p\u00f4jdeme a budeme odch\u00e1dza\u0165 z na\u0161ich rod\u00edn, domovov a domov tou istou cestou. Aj my opust\u00edme svoje pozemsk\u00e9 pr\u00edbytky, vlas\u0165, \u010di pekn\u00fd k\u00fasok kr\u00e1snej pr\u00edrody ktor\u00fd sme si ob\u013e\u00fabili. Staneme sa migrantmi. Pre\u010do? <i>\u201cLebo nem\u00e1me tu trval\u00e9ho miesta \u2026\u201d.<\/i><\/p>\n\n\n\n<p>Mil\u00ed priatelia!<\/p>\n\n\n\n<p>S\u00fa <b>tri miesta,<\/b> na ktor\u00e9 sa v tejto chv\u00edli upieraj\u00fa na\u0161e zraky.<\/p>\n\n\n\n<p>&nbsp;<\/p>\n\n\n\n<p>T\u00fdm <i>prv\u00fdm je miesto n\u00e1\u0161ho zrodu a zemsk\u00e9ho preb\u00fdvania<\/i>,<\/p>\n\n\n\n<p>t\u00fdm druh\u00fdm je miesto n\u00e1\u0161ho telesn\u00e9ho odpo\u010d\u00edvania.<\/p>\n\n\n\n<p>T\u00fdm tret\u00edm je miesto n\u00e1dejn\u00e9ho vzhliadania!<\/p>\n\n\n\n<p>&nbsp;<\/p>\n\n\n\n<p>Pozrime sa\u00a0dnes v kr\u00e1tkom poh\u013eade na miesta zrodu a zemsk\u00e9ho preb\u00fdvania n\u00e1\u0161ho zosnul\u00e9ho brata J. Narodil sa v Rumunsku. Jeho predkovia tam odi\u0161li zrejme v niektorej vlne emigr\u00e1cie z \u201cHorn\u00e9ho Uhorska\u201d, ako sa kedysi hovorilo Slovensku. Vieme, \u017ee jeden pr\u00fad\u00a0 t\u00fdchto migrantov smeroval do dne\u0161n\u00e9ho Srbska, do B\u00e1\u010dky, Ban\u00e1tu, alebo Sriemu, na \u00fazemia spusto\u0161en\u00e9ho e\u0161te Turkami. \u010eal\u0161\u00ed i\u0161li do Ma\u010farska a e\u0161te in\u00ed do dne\u0161n\u00e9ho Rumunska. Aj v nasleduj\u00facich \u010dasoch pr\u00fady vys\u0165ahovalcov odch\u00e1dzali na Doln\u00fa zem v n\u00e1deji, \u017ee tam n\u00e1jdu lep\u0161ie \u017eivotn\u00e9 podmienky, ako vo svojej domovine.T\u00fa su\u017eovala bieda, hlad, choroby, \u017eiveln\u00e9 pohromy, ale aj absencia mnoh\u00fdch z\u00e1kladn\u00fdch pr\u00e1v a slob\u00f4d. Niektor\u00ed tam na\u0161li o nie\u010do lep\u0161ie podmienky, in\u00ed sa\u00a0plaho\u010dili cel\u00e9 gener\u00e1cie, aby sa dostali z najhor\u0161ieho.<\/p>\n\n\n\n<p>Do Rumunska teda odi\u0161li aj jeho predkovia a <i>tam prijal svoj prv\u00fd domov.<\/i> Nie v\u0161ak nadlho. E\u0161te pred vstupom do z\u00e1kladnej \u0161koly jeho rodi\u010dia repatriovali a op\u00e4\u0165 sa stali imigrantami. Mnoh\u00ed Slov\u00e1ci z Rumunska vtedy i\u0161li a\u017e do \u010ciech, na opusten\u00e9 Sudety, in\u00ed do miest na Slovensku, kde h\u013eadali pr\u00e1cu.<\/p>\n\n\n\n<p>&nbsp;<\/p>\n\n\n\n<p>Tak sa dostal n\u00e1\u0161 spolubrat s rodi\u010dmi <i>do Martina<\/i> a tu pre\u017eil \u010dasy \u0161kolsk\u00e9 i ml\u00e1deneck\u00e9. Tu mal svoje prv\u00e9 zamestnanie a svoju pr\u00e1cu. Ale op\u00e4\u0165 sa aj v jeho \u017eivote potvrdilo: <i>nem\u00e1me tu trval\u00e9ho miesta<\/i> \u2026Tak\u00a0pri\u0161iel pracova\u0165 a b\u00fdva\u0165 <i>do Senice.<\/i> Tu sa usadil, tu na\u0161iel svoju posta\u0165. Tu na\u0161iel aj to najcennej\u0161ie \u013eudsk\u00e9 \u0161\u0165astie v podobe man\u017eelstva a svojej rodiny, ktor\u00fa si tu zalo\u017eil a ktorej odovzd\u00e1val svoju l\u00e1sku a starostlivos\u0165.<\/p>\n\n\n\n<p>&nbsp;<\/p>\n\n\n\n<p>I ke\u010f to boli hne\u010f tri miesta preb\u00fdvania &#8211; rumunsk\u00e9 Mestea\u010dane, slovensk\u00fd Martin a z\u00e1hor\u00e1cka Senica, v\u0161etky sp\u00e1ja jedno: boli jeho zemsk\u00fdm domovom\u00a0a miestom, kde na\u0161iel svoj &#8211; povedan\u00e9 s Hviezdoslavom:<i> &#8222;tich\u00fd, skromn\u00fd k\u00fat, v ktorom chcel r\u00e1d pobudn\u00fa\u0165\u201d.\u00a0<\/i><\/p>\n\n\n\n<p>V\u0161etky tak\u00e9to miesta s\u00fa darom Bo\u017e\u00edm. Tak by sme ich mali aj my vn\u00edma\u0165 a prij\u00edma\u0165!\u00a0Na\u0161e rodisko, na\u0161e bydlisko, pekn\u00e9 k\u00faty tejto zeme, kde n\u00e1m <i>\u201c\u017eia\u013eno, sladko &#8211; b\u00f4\u013eno mo\u017eno pobudn\u00fa\u0165.\u201d<\/i> S\u00fa darom milosti P\u00e1na v\u0161ehom\u00edra, n\u00e1\u0161ho nebesk\u00e9ho Otca.<\/p>\n\n\n\n<p>&nbsp;<\/p>\n\n\n\n<p>Ale nav\u017edy tu zosta\u0165 m\u00f4\u017eeme. Smieme tu len pobudn\u00fa\u0165. Sme tu len p\u00fatnici\u2026.V\u017edy mus\u00edme by\u0165 pripraven\u00ed ich opusti\u0165 a \u00eds\u0165 \u010falej. Napokon&nbsp; mus\u00edme od\u00eds\u0165 aj na to \u010fal\u0161ie miesto. Mus\u00edme sa vr\u00e1ti\u0165 sa do zeme, z ktorej bolo vzat\u00e9 na\u0161e telo. <b>To je to druh\u00e9 miesto, ktor\u00e9 n\u00e1s v\u0161etk\u00fdch bez rozdielu sp\u00e1ja a o\u010dak\u00e1va.<\/b><\/p>\n\n\n\n<p><b>&nbsp;&nbsp; &nbsp;<\/b><\/p>\n\n\n\n<p><b>\u00a0\u00a0 \u00a0 \u00a0 <\/b>Niektor\u00ed migranti tejto zeme tam \u00eds\u0165 nechc\u00fa a b\u00faria sa. Nechc\u00fa prija\u0165 smr\u0165 a odchod. Ale plat\u00ed tu vy\u0161\u0161ia moc. Jej silu si uvedomoval aj biblick\u00fd svedok, ke\u010f povedal: \u201d<i>Ni\u010d sme nepriniesli na t\u00fato zem a nepochybn\u00e9 je, \u017ee ani ni\u010d odnies\u0165 nem\u00f4\u017eeme\u201d<\/i>.\u00a0A zn\u00e1my trpite\u013e <b>SZ J\u00f3b<\/b>,\u00a0povedal: <i>\u201dNah\u00fd som vy\u0161iel zo \u017eivota matky a nah\u00fd sa ta navr\u00e1tim! &#8211; Nech je po\u017eehnan\u00e9 meno Hospodinovo\u201d. <\/i>Pri\u0161la teda tak\u00e1to chv\u00ed\u013ea aj pre n\u00e1\u0161ho spolubrata. O \u010dloveku plat\u00ed v\u00fdrok \u0160alam\u00fana: <i>\u201dPrach sa navr\u00e1ti do zeme, ako bol prv, ale duch sa vr\u00e1ti k Bohu, ktor\u00fd ho dal\u201d.<\/i><\/p>\n\n\n\n<p>3. Bratia a sestry v P\u00e1novi, mil\u00ed priatelia!<\/p>\n\n\n\n<p>&nbsp;<\/p>\n\n\n\n<p><b>Ani toto druh\u00e9 miesto, n\u00e1vrat tela do zeme, z ktorej je vzat\u00e9<\/b> nie je v\u0161ak trval\u00fdm miestom preb\u00fdvania \u010dloveka. <b>Boh,<\/b> ktor\u00fd zem, svet, vesm\u00edr a \u010dloveka <b>stvoril<\/b>, hovor\u00ed \u017ee svoj\u00edm \u010dasom bude ka\u017ed\u00fd \u010dlovek, z ak\u00e9hoko\u013evek n\u00e1roda poch\u00e1dzaj\u00faci &#8211;\u00a0vzkriesen\u00fd a priveden\u00fd pred s\u00fadnu stolicu Toho, ktor\u00e9mu On zveril vykona\u0165 s\u00fad nad \u013eudmi a n\u00e1rodmi. V tomto vedom\u00ed pisate\u013e listu \u017eidom pripom\u00edna: <b><i>nem\u00e1me tu trval\u00e9ho miesta, ale h\u013ead\u00e1me ono bud\u00face!<\/i><\/b><\/p>\n\n\n\n<p>N\u00e1js\u0165 tak\u00e9to miesto a pr\u00eds\u0165 tam, kde m\u00f4\u017eeme n\u00e1js\u0165 plnos\u0165 l\u00e1sky, blaha a pokoja n\u00e1m pom\u00e1ha ten <b>najv\u00e4\u010d\u0161\u00ed migrant vekov &#8211; Je\u017ei\u0161 Kristus.<\/b><\/p>\n\n\n\n<p>On pustil pre n\u00e1s a na\u0161u z\u00e1chranu svoju nebesk\u00fa vlas\u0165 a pri\u0161iel do na\u0161ej biedy, aby n\u00e1s z nej vyviedol a priviedol k sebe. Smr\u0165 sa t\u00fdka ka\u017ed\u00e9ho, a rovnako aj vzkriesenie.\u00a0Ale to, \u010do Je\u017ei\u0161 ohl\u00e1sil a bude nasledova\u0165 po poslednom s\u00fade bude r\u00f4zne. P\u00f4jde o dve mo\u017en\u00e9 miesta preb\u00fdvania ve\u010dn\u00e9ho. Bu\u010f s N\u00edm, ktor\u00fd sa stal na\u0161\u00edm Z\u00e1chrancom, alebo preb\u00fdvanie v trvalom odl\u00fa\u010den\u00ed od neho.<\/p>\n\n\n\n<p>&nbsp;<\/p>\n\n\n\n<p>Mil\u00ed priatelia, sm\u00fatiaca rodinka!<\/p>\n\n\n\n<p>V\u010faka z\u00e1sluh\u00e1m Krista P\u00e1na sme a m\u00f4\u017eeme by\u0165 \u013eu\u010fmi n\u00e1deje. Boh i Syn je vern\u00fd a platia n\u00e1m Jeho zas\u013e\u00fabenia: <i>\u201cPreto\u017ee ja \u017eijem, aj vy budete \u017ei\u0165\u201d. <\/i>Preto u\u017e \u017ealmista v SZ s d\u00f4verou pros\u00ed:<i>\u201dVo Tvojom stane chcem by\u0165 hos\u0165om naveky, utieka\u0165 sa do skr\u00fd\u0161e Tvojich kr\u00eddel\u201d. (\u017d 61,5)<\/i><\/p>\n\n\n\n<p>Spolu s apo\u0161tolom Pavlom aj my dnes vyzn\u00e1vame, pri tomto l\u00fa\u010den\u00ed:<\/p>\n\n\n\n<p><i>\u201dVieme toti\u017e, \u017ee ke\u010f sa st\u00e1nok n\u00e1\u0161ho pozemsk\u00e9ho pr\u00edbytku aj zbor\u00ed, m\u00e1me dom od Boha, pr\u00edbytok nie rukou zhotoven\u00fd ve\u010dn\u00fd v nebesiach\u201d.\u00a0(1 K 5,1)<\/i><\/p>\n\n\n\n<p><i>T<\/i>ak ka\u017ed\u00fd p\u00fatnik,\u00a0ka\u017ed\u00fd migrant tejto zeme, m\u00f4\u017ee napokon z milosti\u00a0Bo\u017eej a skrze P\u00e1na Je\u017ei\u0161a Krista n\u00e1js\u0165 pr\u00edbytok trval\u00fd, ve\u010dn\u00fd, sl\u00e1vny\u00a0a nepominute\u013en\u00fd v nebesiach. V kr\u00e1\u013eovstve Bo\u017eom a Kristovom.<\/p>\n\n\n\n<p>Prosme teda, aby tam, v spolo\u010denstve s na\u0161im P\u00e1nom spo\u010dinul aj tento n\u00e1\u0161 spolubrat, za ktor\u00e9ho pros\u00edme, s ktor\u00fdm sa dnes l\u00fa\u010dime a za ktor\u00e9ho sa spolo\u010dne prihov\u00e1rame.<\/p>\n\n\n\n<p>Prosme v\u0161ak aj o to, aby <i>\u201cS\u00e1m Boh pokoja aj n\u00e1s v\u0161etk\u00fdch posv\u00e4til a pri pr\u00edchode P\u00e1na Je\u017ei\u0161a Krista zachoval n\u00e1\u0161ho neporu\u0161en\u00e9ho ducha, du\u0161u a telo bez \u00fahony. Vern\u00fd je Ten, ktor\u00fd n\u00e1s povol\u00e1va. On to u\u010din\u00ed\u201d.\u00a0(1 Tes 5, 23-24) Amen<\/i><\/p>\n\n\n\n<p><\/p>\n","protected":false},"excerpt":{"rendered":"<p>Sme tu p\u00fatnici a Ty n\u00e1s sprev\u00e1dza\u0161, sme tu len hostia, Ty n\u00e1s po\u017eehn\u00e1va\u0161, na ka\u017edom mieste v dobr\u00fd i plan\u00fd \u010das, si vern\u00fdm Pastierom a star\u00e1\u0161 sa o n\u00e1s. \u00d3 Bo\u017ee dobr\u00fd, ke\u010f \u017eivot skon\u010d\u00edme, nech sa u Teba v\u0161etci uvid\u00edme! Amen (MR) \u017did 10, 39:&nbsp;\u201dLebo nem\u00e1me tu trval\u00e9ho miesta, ale h\u013ead\u00e1me ono bud\u00face\u201d. &#8230; <a title=\"Pohrebn\u00e1 k\u00e1ze\u0148 (\u017did 10, 39)\" class=\"read-more\" href=\"https:\/\/www.e-anjelik.sk\/index.php\/2015\/09\/10\/pohrebna-kazen-zid-10-39\/\" aria-label=\"Pre\u010d\u00edtajte si viac o Pohrebn\u00e1 k\u00e1ze\u0148 (\u017did 10, 39)\">\u010c\u00edta\u0165 viac<\/a><\/p>\n","protected":false},"author":4,"featured_media":0,"comment_status":"open","ping_status":"open","sticky":false,"template":"","format":"standard","meta":{"footnotes":""},"categories":[1],"tags":[],"class_list":["post-28978","post","type-post","status-publish","format-standard","hentry","category-adventna-modlitba"],"_links":{"self":[{"href":"https:\/\/www.e-anjelik.sk\/index.php\/wp-json\/wp\/v2\/posts\/28978","targetHints":{"allow":["GET"]}}],"collection":[{"href":"https:\/\/www.e-anjelik.sk\/index.php\/wp-json\/wp\/v2\/posts"}],"about":[{"href":"https:\/\/www.e-anjelik.sk\/index.php\/wp-json\/wp\/v2\/types\/post"}],"author":[{"embeddable":true,"href":"https:\/\/www.e-anjelik.sk\/index.php\/wp-json\/wp\/v2\/users\/4"}],"replies":[{"embeddable":true,"href":"https:\/\/www.e-anjelik.sk\/index.php\/wp-json\/wp\/v2\/comments?post=28978"}],"version-history":[{"count":2,"href":"https:\/\/www.e-anjelik.sk\/index.php\/wp-json\/wp\/v2\/posts\/28978\/revisions"}],"predecessor-version":[{"id":38431,"href":"https:\/\/www.e-anjelik.sk\/index.php\/wp-json\/wp\/v2\/posts\/28978\/revisions\/38431"}],"wp:attachment":[{"href":"https:\/\/www.e-anjelik.sk\/index.php\/wp-json\/wp\/v2\/media?parent=28978"}],"wp:term":[{"taxonomy":"category","embeddable":true,"href":"https:\/\/www.e-anjelik.sk\/index.php\/wp-json\/wp\/v2\/categories?post=28978"},{"taxonomy":"post_tag","embeddable":true,"href":"https:\/\/www.e-anjelik.sk\/index.php\/wp-json\/wp\/v2\/tags?post=28978"}],"curies":[{"name":"wp","href":"https:\/\/api.w.org\/{rel}","templated":true}]}}