{"id":28986,"date":"2015-09-10T12:36:57","date_gmt":"2015-09-10T10:36:57","guid":{"rendered":"http:\/\/www.evanjelik.sk\/?p=28986"},"modified":"2015-09-10T12:36:57","modified_gmt":"2015-09-10T10:36:57","slug":"piazza-martin-luthero-v-rime-uz-o-mesiac","status":"publish","type":"post","link":"https:\/\/www.e-anjelik.sk\/index.php\/2015\/09\/10\/piazza-martin-luthero-v-rime-uz-o-mesiac\/","title":{"rendered":"Piazza Martin Luthero v R\u00edme &#8211; u\u017e o mesiac"},"content":{"rendered":"<p>Webov\u00fd port\u00e1l <a href=\"http:\/\/ncroline.org\">ncronline.org<\/a>. informoval \u010ditate\u013eov, \u017ee od bud\u00faceho mesiaca bude na pamiatku reform\u00e1torov\u00fdch z\u00e1sluh pomenovan\u00e1 plocha<\/p>\n<p>v bl\u00edzkosti parku Oppian Hill &#8211; N\u00e1mestie Martina Luthera \/ Piazza Martin Luthero\/.<\/p>\n<p>N\u00e1mestie le\u017e\u00ed bl\u00edzko zn\u00e1meho Kolosea, v centr\u00e1lnej \u010dasti R\u00edma. Iniciat\u00edva talianskych protestantov na toto pomenovanie trvala \u0161es\u0165 rokov a s\u00favis\u00ed s\u00a0 bl\u00ed\u017eiacim sa p\u00e4\u0165st\u00fdm v\u00fdro\u010d\u00edm reform\u00e1cie.<\/p>\n<p>&nbsp;<\/p>\n<p>V Taliansku sa k protestantizmu hl\u00e1si asi 435 tis\u00edc obyvate\u013eov. V\u00e4\u010d\u0161inov\u00fdm n\u00e1bo\u017eenstvom je r\u00edm. katolicizmus s 97, 9 percentn\u00fdm zast\u00fapen\u00edm, \u010do znamen\u00e1 cca 60 mili\u00f3nov obyvate\u013eov.<\/p>\n<p>Bude raz N\u00e1mestie Martina Luthera aj na Slovensku? \u010co tak Bardejov, alebo Pre\u0161ov, ak Bratislava m\u00e1 in\u00e9 starosti\u2026<\/p>\n","protected":false},"excerpt":{"rendered":"<p>Webov\u00fd port\u00e1l ncronline.org. informoval \u010ditate\u013eov, \u017ee od bud\u00faceho mesiaca bude na pamiatku reform\u00e1torov\u00fdch z\u00e1sluh pomenovan\u00e1 plocha v bl\u00edzkosti parku Oppian Hill &#8211; N\u00e1mestie Martina Luthera \/ Piazza Martin Luthero\/. N\u00e1mestie le\u017e\u00ed bl\u00edzko zn\u00e1meho Kolosea, v centr\u00e1lnej \u010dasti R\u00edma. Iniciat\u00edva talianskych protestantov na toto pomenovanie trvala \u0161es\u0165 rokov a s\u00favis\u00ed s\u00a0 bl\u00ed\u017eiacim sa p\u00e4\u0165st\u00fdm v\u00fdro\u010d\u00edm reform\u00e1cie. &#8230; <a title=\"Piazza Martin Luthero v R\u00edme &#8211; u\u017e o mesiac\" class=\"read-more\" href=\"https:\/\/www.e-anjelik.sk\/index.php\/2015\/09\/10\/piazza-martin-luthero-v-rime-uz-o-mesiac\/\" aria-label=\"Pre\u010d\u00edtajte si viac o Piazza Martin Luthero v R\u00edme &#8211; u\u017e o mesiac\">\u010c\u00edta\u0165 viac<\/a><\/p>\n","protected":false},"author":4,"featured_media":0,"comment_status":"open","ping_status":"open","sticky":false,"template":"","format":"standard","meta":{"footnotes":""},"categories":[1],"tags":[],"class_list":["post-28986","post","type-post","status-publish","format-standard","hentry","category-adventna-modlitba"],"_links":{"self":[{"href":"https:\/\/www.e-anjelik.sk\/index.php\/wp-json\/wp\/v2\/posts\/28986","targetHints":{"allow":["GET"]}}],"collection":[{"href":"https:\/\/www.e-anjelik.sk\/index.php\/wp-json\/wp\/v2\/posts"}],"about":[{"href":"https:\/\/www.e-anjelik.sk\/index.php\/wp-json\/wp\/v2\/types\/post"}],"author":[{"embeddable":true,"href":"https:\/\/www.e-anjelik.sk\/index.php\/wp-json\/wp\/v2\/users\/4"}],"replies":[{"embeddable":true,"href":"https:\/\/www.e-anjelik.sk\/index.php\/wp-json\/wp\/v2\/comments?post=28986"}],"version-history":[{"count":0,"href":"https:\/\/www.e-anjelik.sk\/index.php\/wp-json\/wp\/v2\/posts\/28986\/revisions"}],"wp:attachment":[{"href":"https:\/\/www.e-anjelik.sk\/index.php\/wp-json\/wp\/v2\/media?parent=28986"}],"wp:term":[{"taxonomy":"category","embeddable":true,"href":"https:\/\/www.e-anjelik.sk\/index.php\/wp-json\/wp\/v2\/categories?post=28986"},{"taxonomy":"post_tag","embeddable":true,"href":"https:\/\/www.e-anjelik.sk\/index.php\/wp-json\/wp\/v2\/tags?post=28986"}],"curies":[{"name":"wp","href":"https:\/\/api.w.org\/{rel}","templated":true}]}}